{"id":1242,"date":"2023-10-13T04:55:34","date_gmt":"2023-10-13T01:55:34","guid":{"rendered":"https:\/\/cosmindragomir.ro\/?p=1242"},"modified":"2023-10-13T04:55:35","modified_gmt":"2023-10-13T01:55:35","slug":"caietul-cu-retete-in-piata-astra-din-brasov","status":"publish","type":"post","link":"https:\/\/cosmindragomir.ro\/en\/2023\/10\/13\/caietul-cu-retete-in-piata-astra-din-brasov\/","title":{"rendered":"The notebook with recipes, in the Astra square in Bra\u0219ov"},"content":{"rendered":"<p><a href=\"https:\/\/caietederetete.us18.list-manage.com\/track\/click?u=fa748284e7aa7a282857d889c&amp;id=2ef2d27ba1&amp;e=83b403704a\" target=\"_blank\" rel=\"noreferrer noopener\"><em>&quot;The recipe book from the market&quot;\u00a0<\/em><\/a>arrived at Pia\u021ba Astra in Bra\u0219ov. Until the end of October, every Friday, Saturday and Sunday we are waiting for you in the exhibition pavilion in the square and at the stall dedicated to recipe books. Moreover, we supplied the stalls with recipes from the collected notebooks, recipes adapted to the vendors&#039; ingredients and the season, we stationed the documentation process of the notebooks among the people and organized an exhibition through which we share the documentation, the stories and the collected notebooks.<\/p>\n\n\n<div class=\"wp-block-image\">\n<figure class=\"aligncenter size-full\"><img loading=\"lazy\" decoding=\"async\" width=\"1000\" height=\"702\" src=\"https:\/\/cosmindragomir.ro\/wp-content\/uploads\/2023\/10\/unnamed-1-jpg.webp\" alt=\"\" class=\"wp-image-1243\" srcset=\"https:\/\/cosmindragomir.ro\/wp-content\/uploads\/2023\/10\/unnamed-1-jpg.webp 1000w, https:\/\/cosmindragomir.ro\/wp-content\/uploads\/2023\/10\/unnamed-1-300x211.webp 300w, https:\/\/cosmindragomir.ro\/wp-content\/uploads\/2023\/10\/unnamed-1-768x539.webp 768w, https:\/\/cosmindragomir.ro\/wp-content\/uploads\/2023\/10\/unnamed-1-18x12.webp 18w, https:\/\/cosmindragomir.ro\/wp-content\/uploads\/2023\/10\/unnamed-1-600x421.webp 600w\" sizes=\"auto, (max-width: 1000px) 100vw, 1000px\" \/><\/figure>\n<\/div>\n\n\n<p>The pavilion hosts the exhibition&#039;s television, Pia\u021ba TV, on which we are running a series of 18 mini-documentaries made by the project team, with and about cookbook keepers. Through Pia\u021ba TV we aimed to make friends with other supporters of regional and national heritage who, in turn, produced video materials in the area of gastronomy and food production. If you have produced such video materials and want them to run on the Pia\u021ba TV channel, please send them to the address&nbsp;<a href=\"mailto:andrei@caietederetete.ro\" target=\"_blank\" rel=\"noreferrer noopener\">andrei@caietederetete.ro<\/a>. The content of Pia\u021ba TV is designed to animate Pia\u021ba Astra in Bra\u0219ov, i.e. its producers and customers.&nbsp;<\/p>\n\n\n\n<p>The project&nbsp;<a href=\"https:\/\/caietederetete.us18.list-manage.com\/track\/click?u=fa748284e7aa7a282857d889c&amp;id=7c96d76712&amp;e=83b403704a\" target=\"_blank\" rel=\"noreferrer noopener\">&quot;Market Recipe Book&quot;<\/a>&nbsp;aims to capitalize on intangible heritage, promote sustainable relationships between producers and the local community, facilitate intergenerational connection within the project public and create links between various stakeholders such as sustainable food, written recipes, the private sector, public authorities and communities in neighborhoods. reformulate with advertising language<\/p>\n\n\n\n<p>\u00a0\u00a0\u00a0\u00a0\u00a0\u00a0\u00a0\u00a0\u00a0\u00a0\u00a0\u00a0\u00a0\u00a0\u00a0\u00a0\u00a0\u00a0\u00a0\u00a0\u00a0\u00a0\u00a0\u00a0\u00a0\u00a0\u00a0\u00a0\u00a0\u00a0\u00a0\u00a0\u00a0\u00a0\u00a0\u00a0\u00a0\u00a0\u00a0\u00a0\u00a0\u00a0\u00a0\u00a0\u00a0\u00a0\u00a0\u00a0\u00a0\u00a0\u00a0\u00a0\u00a0\u00a0\u00a0\u00a0\u00a0\u00a0\u00a0\u00a0\u00a0\u00a0\u00a0<\/p>\n\n\n\n<p>&quot;The recipe book from the market&quot; is a project under the umbrella<a href=\"https:\/\/caietederetete.us18.list-manage.com\/track\/click?u=fa748284e7aa7a282857d889c&amp;id=b89d265705&amp;e=83b403704a\" target=\"_blank\" rel=\"noreferrer noopener\">&nbsp;&quot;<\/a><a href=\"https:\/\/caietederetete.us18.list-manage.com\/track\/click?u=fa748284e7aa7a282857d889c&amp;id=068ded3294&amp;e=83b403704a\" target=\"_blank\" rel=\"noreferrer noopener\">Recipe books<\/a><a href=\"https:\/\/caietederetete.us18.list-manage.com\/track\/click?u=fa748284e7aa7a282857d889c&amp;id=70ef185a4c&amp;e=83b403704a\" target=\"_blank\" rel=\"noreferrer noopener\">&quot;<\/a>, implemented by PATRUPETREI, with the support of the Bra\u0219ov Squares Public Administration Service, financed by Bra\u0219ov City Hall, which contributes to the enrichment of the current urban gastronomy, to a better understanding of the recent past for the younger generations and to the strengthening of a national culinary identity.<\/p>","protected":false},"excerpt":{"rendered":"<p>&quot;The recipe book from the market&quot; has arrived at Astra Square in Bra\u0219ov. Until the end of October, every Friday, Saturday and Sunday we are waiting for you in the exhibition pavilion in the square and at the stall dedicated to recipe books. Moreover, we stocked the stalls with recipes from the collected notebooks, recipes adapted to the vendors&#039; ingredients and [\u2026]<\/p>","protected":false},"author":2,"featured_media":1243,"comment_status":"open","ping_status":"open","sticky":false,"template":"","format":"standard","meta":{"footnotes":""},"categories":[1,27],"tags":[],"class_list":["post-1242","post","type-post","status-publish","format-standard","has-post-thumbnail","hentry","category-general","category-stiri"],"yoast_head":"<!-- This site is optimized with the Yoast SEO plugin v23.4 - https:\/\/yoast.com\/wordpress\/plugins\/seo\/ -->\n<title>Caietul cu rete\u021be, \u00een pia\u021ba Astra din Bra\u0219ov - Cosmin Dragomir<\/title>\n<meta name=\"robots\" content=\"index, follow, max-snippet:-1, max-image-preview:large, max-video-preview:-1\" \/>\n<link rel=\"canonical\" href=\"https:\/\/cosmindragomir.ro\/en\/2023\/10\/13\/caietul-cu-retete-in-piata-astra-din-brasov\/\" \/>\n<meta property=\"og:locale\" content=\"en_US\" \/>\n<meta property=\"og:type\" content=\"article\" \/>\n<meta property=\"og:title\" content=\"Caietul cu rete\u021be, \u00een pia\u021ba Astra din Bra\u0219ov - Cosmin Dragomir\" \/>\n<meta property=\"og:description\" content=\"\u201cCaietul de re\u021bete din pia\u021b\u0103\u201d\u00a0a ajuns \u00een Pia\u021ba Astra din Bra\u0219ov. P\u00e2n\u0103 la finalul lunii octombrie, \u00een fiecare zi de vineri, s\u00e2mb\u0103t\u0103 \u0219i duminic\u0103 v\u0103 a\u0219tept\u0103m \u00een pavilionul expozi\u021bional din pia\u021b\u0103 \u0219i la taraba dedicat\u0103 caietelor de re\u021bete. Mai mult, am aprovizionat tarabele cu re\u021bete din caietele adunate, re\u021bete adaptate la ingredientele v\u00e2nz\u0103torilor \u0219i la [&hellip;]\" \/>\n<meta property=\"og:url\" content=\"https:\/\/cosmindragomir.ro\/en\/2023\/10\/13\/caietul-cu-retete-in-piata-astra-din-brasov\/\" \/>\n<meta property=\"og:site_name\" content=\"Cosmin Dragomir\" \/>\n<meta property=\"article:publisher\" content=\"https:\/\/www.facebook.com\/cosmin.dragomir.12\" \/>\n<meta property=\"article:author\" content=\"https:\/\/www.facebook.com\/cosmin.dragomir.12\" \/>\n<meta property=\"article:published_time\" content=\"2023-10-13T01:55:34+00:00\" \/>\n<meta property=\"article:modified_time\" content=\"2023-10-13T01:55:35+00:00\" \/>\n<meta property=\"og:image\" content=\"https:\/\/cosmindragomir.ro\/wp-content\/uploads\/2023\/10\/unnamed-1-jpg.webp\" \/>\n\t<meta property=\"og:image:width\" content=\"1000\" \/>\n\t<meta property=\"og:image:height\" content=\"702\" \/>\n\t<meta property=\"og:image:type\" content=\"image\/jpeg\" \/>\n<meta name=\"author\" content=\"Cosmin Dragomir\" \/>\n<meta name=\"twitter:card\" content=\"summary_large_image\" \/>\n<meta name=\"twitter:label1\" content=\"Written by\" \/>\n\t<meta name=\"twitter:data1\" content=\"Cosmin Dragomir\" \/>\n\t<meta name=\"twitter:label2\" content=\"Est. reading time\" \/>\n\t<meta name=\"twitter:data2\" content=\"2 minutes\" \/>\n<script type=\"application\/ld+json\" class=\"yoast-schema-graph\">{\"@context\":\"https:\/\/schema.org\",\"@graph\":[{\"@type\":\"Article\",\"@id\":\"https:\/\/cosmindragomir.ro\/2023\/10\/13\/caietul-cu-retete-in-piata-astra-din-brasov\/#article\",\"isPartOf\":{\"@id\":\"https:\/\/cosmindragomir.ro\/2023\/10\/13\/caietul-cu-retete-in-piata-astra-din-brasov\/\"},\"author\":{\"name\":\"Cosmin Dragomir\",\"@id\":\"https:\/\/cosmindragomir.ro\/#\/schema\/person\/fa5dfbff9a3c217f077eaada3362ebe0\"},\"headline\":\"Caietul cu rete\u021be, \u00een pia\u021ba Astra din Bra\u0219ov\",\"datePublished\":\"2023-10-13T01:55:34+00:00\",\"dateModified\":\"2023-10-13T01:55:35+00:00\",\"mainEntityOfPage\":{\"@id\":\"https:\/\/cosmindragomir.ro\/2023\/10\/13\/caietul-cu-retete-in-piata-astra-din-brasov\/\"},\"wordCount\":373,\"commentCount\":0,\"publisher\":{\"@id\":\"https:\/\/cosmindragomir.ro\/#\/schema\/person\/fa5dfbff9a3c217f077eaada3362ebe0\"},\"image\":{\"@id\":\"https:\/\/cosmindragomir.ro\/2023\/10\/13\/caietul-cu-retete-in-piata-astra-din-brasov\/#primaryimage\"},\"thumbnailUrl\":\"https:\/\/cosmindragomir.ro\/wp-content\/uploads\/2023\/10\/unnamed-1-jpg.webp\",\"articleSection\":[\"general\",\"\u0219tiri\"],\"inLanguage\":\"en-US\",\"potentialAction\":[{\"@type\":\"CommentAction\",\"name\":\"Comment\",\"target\":[\"https:\/\/cosmindragomir.ro\/2023\/10\/13\/caietul-cu-retete-in-piata-astra-din-brasov\/#respond\"]}]},{\"@type\":\"WebPage\",\"@id\":\"https:\/\/cosmindragomir.ro\/2023\/10\/13\/caietul-cu-retete-in-piata-astra-din-brasov\/\",\"url\":\"https:\/\/cosmindragomir.ro\/2023\/10\/13\/caietul-cu-retete-in-piata-astra-din-brasov\/\",\"name\":\"Caietul cu rete\u021be, \u00een pia\u021ba Astra din Bra\u0219ov - Cosmin Dragomir\",\"isPartOf\":{\"@id\":\"https:\/\/cosmindragomir.ro\/#website\"},\"primaryImageOfPage\":{\"@id\":\"https:\/\/cosmindragomir.ro\/2023\/10\/13\/caietul-cu-retete-in-piata-astra-din-brasov\/#primaryimage\"},\"image\":{\"@id\":\"https:\/\/cosmindragomir.ro\/2023\/10\/13\/caietul-cu-retete-in-piata-astra-din-brasov\/#primaryimage\"},\"thumbnailUrl\":\"https:\/\/cosmindragomir.ro\/wp-content\/uploads\/2023\/10\/unnamed-1-jpg.webp\",\"datePublished\":\"2023-10-13T01:55:34+00:00\",\"dateModified\":\"2023-10-13T01:55:35+00:00\",\"breadcrumb\":{\"@id\":\"https:\/\/cosmindragomir.ro\/2023\/10\/13\/caietul-cu-retete-in-piata-astra-din-brasov\/#breadcrumb\"},\"inLanguage\":\"en-US\",\"potentialAction\":[{\"@type\":\"ReadAction\",\"target\":[\"https:\/\/cosmindragomir.ro\/2023\/10\/13\/caietul-cu-retete-in-piata-astra-din-brasov\/\"]}]},{\"@type\":\"ImageObject\",\"inLanguage\":\"en-US\",\"@id\":\"https:\/\/cosmindragomir.ro\/2023\/10\/13\/caietul-cu-retete-in-piata-astra-din-brasov\/#primaryimage\",\"url\":\"https:\/\/cosmindragomir.ro\/wp-content\/uploads\/2023\/10\/unnamed-1-jpg.webp\",\"contentUrl\":\"https:\/\/cosmindragomir.ro\/wp-content\/uploads\/2023\/10\/unnamed-1-jpg.webp\",\"width\":1000,\"height\":702},{\"@type\":\"BreadcrumbList\",\"@id\":\"https:\/\/cosmindragomir.ro\/2023\/10\/13\/caietul-cu-retete-in-piata-astra-din-brasov\/#breadcrumb\",\"itemListElement\":[{\"@type\":\"ListItem\",\"position\":1,\"name\":\"Home\",\"item\":\"https:\/\/cosmindragomir.ro\/\"},{\"@type\":\"ListItem\",\"position\":2,\"name\":\"Caietul cu rete\u021be, \u00een pia\u021ba Astra din Bra\u0219ov\"}]},{\"@type\":\"WebSite\",\"@id\":\"https:\/\/cosmindragomir.ro\/#website\",\"url\":\"https:\/\/cosmindragomir.ro\/\",\"name\":\"Cosmin Dragomir\",\"description\":\"istorie pe p\u00e2ine\",\"publisher\":{\"@id\":\"https:\/\/cosmindragomir.ro\/#\/schema\/person\/fa5dfbff9a3c217f077eaada3362ebe0\"},\"potentialAction\":[{\"@type\":\"SearchAction\",\"target\":{\"@type\":\"EntryPoint\",\"urlTemplate\":\"https:\/\/cosmindragomir.ro\/?s={search_term_string}\"},\"query-input\":{\"@type\":\"PropertyValueSpecification\",\"valueRequired\":true,\"valueName\":\"search_term_string\"}}],\"inLanguage\":\"en-US\"},{\"@type\":[\"Person\",\"Organization\"],\"@id\":\"https:\/\/cosmindragomir.ro\/#\/schema\/person\/fa5dfbff9a3c217f077eaada3362ebe0\",\"name\":\"Cosmin Dragomir\",\"image\":{\"@type\":\"ImageObject\",\"inLanguage\":\"en-US\",\"@id\":\"https:\/\/cosmindragomir.ro\/#\/schema\/person\/image\/\",\"url\":\"https:\/\/cosmindragomir.ro\/wp-content\/uploads\/2019\/06\/cropped-cropped-14610998_1103641976422462_2912219255401263028_n-1-1.jpg\",\"contentUrl\":\"https:\/\/cosmindragomir.ro\/wp-content\/uploads\/2019\/06\/cropped-cropped-14610998_1103641976422462_2912219255401263028_n-1-1.jpg\",\"width\":200,\"height\":200,\"caption\":\"Cosmin Dragomir\"},\"logo\":{\"@id\":\"https:\/\/cosmindragomir.ro\/#\/schema\/person\/image\/\"},\"sameAs\":[\"https:\/\/cosmindragomir.ro\",\"https:\/\/www.facebook.com\/cosmin.dragomir.12\",\"https:\/\/www.instagram.com\/cosmindragomir_gastroart\/\"],\"url\":\"https:\/\/cosmindragomir.ro\/en\/author\/cosmind\/\"}]}<\/script>\n<!-- \/ Yoast SEO plugin. -->","yoast_head_json":{"title":"Caietul cu rete\u021be, \u00een pia\u021ba Astra din Bra\u0219ov - Cosmin Dragomir","robots":{"index":"index","follow":"follow","max-snippet":"max-snippet:-1","max-image-preview":"max-image-preview:large","max-video-preview":"max-video-preview:-1"},"canonical":"https:\/\/cosmindragomir.ro\/en\/2023\/10\/13\/caietul-cu-retete-in-piata-astra-din-brasov\/","og_locale":"en_US","og_type":"article","og_title":"Caietul cu rete\u021be, \u00een pia\u021ba Astra din Bra\u0219ov - Cosmin Dragomir","og_description":"\u201cCaietul de re\u021bete din pia\u021b\u0103\u201d\u00a0a ajuns \u00een Pia\u021ba Astra din Bra\u0219ov. P\u00e2n\u0103 la finalul lunii octombrie, \u00een fiecare zi de vineri, s\u00e2mb\u0103t\u0103 \u0219i duminic\u0103 v\u0103 a\u0219tept\u0103m \u00een pavilionul expozi\u021bional din pia\u021b\u0103 \u0219i la taraba dedicat\u0103 caietelor de re\u021bete. Mai mult, am aprovizionat tarabele cu re\u021bete din caietele adunate, re\u021bete adaptate la ingredientele v\u00e2nz\u0103torilor \u0219i la [&hellip;]","og_url":"https:\/\/cosmindragomir.ro\/en\/2023\/10\/13\/caietul-cu-retete-in-piata-astra-din-brasov\/","og_site_name":"Cosmin Dragomir","article_publisher":"https:\/\/www.facebook.com\/cosmin.dragomir.12","article_author":"https:\/\/www.facebook.com\/cosmin.dragomir.12","article_published_time":"2023-10-13T01:55:34+00:00","article_modified_time":"2023-10-13T01:55:35+00:00","og_image":[{"width":1000,"height":702,"url":"https:\/\/cosmindragomir.ro\/wp-content\/uploads\/2023\/10\/unnamed-1-jpg.webp","type":"image\/jpeg"}],"author":"Cosmin Dragomir","twitter_card":"summary_large_image","twitter_misc":{"Written by":"Cosmin Dragomir","Est. reading time":"2 minutes"},"schema":{"@context":"https:\/\/schema.org","@graph":[{"@type":"Article","@id":"https:\/\/cosmindragomir.ro\/2023\/10\/13\/caietul-cu-retete-in-piata-astra-din-brasov\/#article","isPartOf":{"@id":"https:\/\/cosmindragomir.ro\/2023\/10\/13\/caietul-cu-retete-in-piata-astra-din-brasov\/"},"author":{"name":"Cosmin Dragomir","@id":"https:\/\/cosmindragomir.ro\/#\/schema\/person\/fa5dfbff9a3c217f077eaada3362ebe0"},"headline":"Caietul cu rete\u021be, \u00een pia\u021ba Astra din Bra\u0219ov","datePublished":"2023-10-13T01:55:34+00:00","dateModified":"2023-10-13T01:55:35+00:00","mainEntityOfPage":{"@id":"https:\/\/cosmindragomir.ro\/2023\/10\/13\/caietul-cu-retete-in-piata-astra-din-brasov\/"},"wordCount":373,"commentCount":0,"publisher":{"@id":"https:\/\/cosmindragomir.ro\/#\/schema\/person\/fa5dfbff9a3c217f077eaada3362ebe0"},"image":{"@id":"https:\/\/cosmindragomir.ro\/2023\/10\/13\/caietul-cu-retete-in-piata-astra-din-brasov\/#primaryimage"},"thumbnailUrl":"https:\/\/cosmindragomir.ro\/wp-content\/uploads\/2023\/10\/unnamed-1-jpg.webp","articleSection":["general","\u0219tiri"],"inLanguage":"en-US","potentialAction":[{"@type":"CommentAction","name":"Comment","target":["https:\/\/cosmindragomir.ro\/2023\/10\/13\/caietul-cu-retete-in-piata-astra-din-brasov\/#respond"]}]},{"@type":"WebPage","@id":"https:\/\/cosmindragomir.ro\/2023\/10\/13\/caietul-cu-retete-in-piata-astra-din-brasov\/","url":"https:\/\/cosmindragomir.ro\/2023\/10\/13\/caietul-cu-retete-in-piata-astra-din-brasov\/","name":"Caietul cu rete\u021be, \u00een pia\u021ba Astra din Bra\u0219ov - Cosmin Dragomir","isPartOf":{"@id":"https:\/\/cosmindragomir.ro\/#website"},"primaryImageOfPage":{"@id":"https:\/\/cosmindragomir.ro\/2023\/10\/13\/caietul-cu-retete-in-piata-astra-din-brasov\/#primaryimage"},"image":{"@id":"https:\/\/cosmindragomir.ro\/2023\/10\/13\/caietul-cu-retete-in-piata-astra-din-brasov\/#primaryimage"},"thumbnailUrl":"https:\/\/cosmindragomir.ro\/wp-content\/uploads\/2023\/10\/unnamed-1-jpg.webp","datePublished":"2023-10-13T01:55:34+00:00","dateModified":"2023-10-13T01:55:35+00:00","breadcrumb":{"@id":"https:\/\/cosmindragomir.ro\/2023\/10\/13\/caietul-cu-retete-in-piata-astra-din-brasov\/#breadcrumb"},"inLanguage":"en-US","potentialAction":[{"@type":"ReadAction","target":["https:\/\/cosmindragomir.ro\/2023\/10\/13\/caietul-cu-retete-in-piata-astra-din-brasov\/"]}]},{"@type":"ImageObject","inLanguage":"en-US","@id":"https:\/\/cosmindragomir.ro\/2023\/10\/13\/caietul-cu-retete-in-piata-astra-din-brasov\/#primaryimage","url":"https:\/\/cosmindragomir.ro\/wp-content\/uploads\/2023\/10\/unnamed-1-jpg.webp","contentUrl":"https:\/\/cosmindragomir.ro\/wp-content\/uploads\/2023\/10\/unnamed-1-jpg.webp","width":1000,"height":702},{"@type":"BreadcrumbList","@id":"https:\/\/cosmindragomir.ro\/2023\/10\/13\/caietul-cu-retete-in-piata-astra-din-brasov\/#breadcrumb","itemListElement":[{"@type":"ListItem","position":1,"name":"Home","item":"https:\/\/cosmindragomir.ro\/"},{"@type":"ListItem","position":2,"name":"Caietul cu rete\u021be, \u00een pia\u021ba Astra din Bra\u0219ov"}]},{"@type":"WebSite","@id":"https:\/\/cosmindragomir.ro\/#website","url":"https:\/\/cosmindragomir.ro\/","name":"Cosmin Dragomir","description":"istorie pe p\u00e2ine","publisher":{"@id":"https:\/\/cosmindragomir.ro\/#\/schema\/person\/fa5dfbff9a3c217f077eaada3362ebe0"},"potentialAction":[{"@type":"SearchAction","target":{"@type":"EntryPoint","urlTemplate":"https:\/\/cosmindragomir.ro\/?s={search_term_string}"},"query-input":{"@type":"PropertyValueSpecification","valueRequired":true,"valueName":"search_term_string"}}],"inLanguage":"en-US"},{"@type":["Person","Organization"],"@id":"https:\/\/cosmindragomir.ro\/#\/schema\/person\/fa5dfbff9a3c217f077eaada3362ebe0","name":"Cosmin Dragomir","image":{"@type":"ImageObject","inLanguage":"en-US","@id":"https:\/\/cosmindragomir.ro\/#\/schema\/person\/image\/","url":"https:\/\/cosmindragomir.ro\/wp-content\/uploads\/2019\/06\/cropped-cropped-14610998_1103641976422462_2912219255401263028_n-1-1.jpg","contentUrl":"https:\/\/cosmindragomir.ro\/wp-content\/uploads\/2019\/06\/cropped-cropped-14610998_1103641976422462_2912219255401263028_n-1-1.jpg","width":200,"height":200,"caption":"Cosmin Dragomir"},"logo":{"@id":"https:\/\/cosmindragomir.ro\/#\/schema\/person\/image\/"},"sameAs":["https:\/\/cosmindragomir.ro","https:\/\/www.facebook.com\/cosmin.dragomir.12","https:\/\/www.instagram.com\/cosmindragomir_gastroart\/"],"url":"https:\/\/cosmindragomir.ro\/en\/author\/cosmind\/"}]}},"_links":{"self":[{"href":"https:\/\/cosmindragomir.ro\/en\/wp-json\/wp\/v2\/posts\/1242","targetHints":{"allow":["GET"]}}],"collection":[{"href":"https:\/\/cosmindragomir.ro\/en\/wp-json\/wp\/v2\/posts"}],"about":[{"href":"https:\/\/cosmindragomir.ro\/en\/wp-json\/wp\/v2\/types\/post"}],"author":[{"embeddable":true,"href":"https:\/\/cosmindragomir.ro\/en\/wp-json\/wp\/v2\/users\/2"}],"replies":[{"embeddable":true,"href":"https:\/\/cosmindragomir.ro\/en\/wp-json\/wp\/v2\/comments?post=1242"}],"version-history":[{"count":1,"href":"https:\/\/cosmindragomir.ro\/en\/wp-json\/wp\/v2\/posts\/1242\/revisions"}],"predecessor-version":[{"id":1244,"href":"https:\/\/cosmindragomir.ro\/en\/wp-json\/wp\/v2\/posts\/1242\/revisions\/1244"}],"wp:featuredmedia":[{"embeddable":true,"href":"https:\/\/cosmindragomir.ro\/en\/wp-json\/wp\/v2\/media\/1243"}],"wp:attachment":[{"href":"https:\/\/cosmindragomir.ro\/en\/wp-json\/wp\/v2\/media?parent=1242"}],"wp:term":[{"taxonomy":"category","embeddable":true,"href":"https:\/\/cosmindragomir.ro\/en\/wp-json\/wp\/v2\/categories?post=1242"},{"taxonomy":"post_tag","embeddable":true,"href":"https:\/\/cosmindragomir.ro\/en\/wp-json\/wp\/v2\/tags?post=1242"}],"curies":[{"name":"wp","href":"https:\/\/api.w.org\/{rel}","templated":true}]}}