{"id":756,"date":"2023-02-14T05:55:33","date_gmt":"2023-02-14T03:55:33","guid":{"rendered":"https:\/\/cosmindragomir.ro\/?p=756"},"modified":"2023-02-27T04:22:04","modified_gmt":"2023-02-27T02:22:04","slug":"balcanii-gastronomici-si-numai","status":"publish","type":"post","link":"https:\/\/cosmindragomir.ro\/en\/2023\/02\/14\/balcanii-gastronomici-si-numai\/","title":{"rendered":"<strong>The gastronomic Balkans and only<\/strong>"},"content":{"rendered":"<p class=\"has-text-align-left\">Probably the largest study of comparative regional gastronomy<\/p>\n\n\n\n<p class=\"has-text-align-left\">Over 100 days of field documentation<\/p>\n\n\n\n<p class=\"has-text-align-left\">Two books<\/p>\n\n\n\n<p class=\"has-text-align-left\">An ambitious journalistic approach<\/p>\n\n\n\n<p class=\"has-text-align-left\">Dozens of articles, hundreds of posts<\/p>\n\n\n\n<p class=\"has-text-align-left has-vivid-red-color has-text-color\"><strong>We are looking for sponsors! <\/strong>\ud83d\ude0a<\/p>\n\n\n\n<p><strong>Duration:<\/strong><\/p>\n\n\n\n<p>March 1, 2023 \u2013 March 1, 2024<\/p>\n\n\n\n<p>We aim to spend at least 7 days in each Balkan country (Bulgaria, Greece, Serbia + Kosovo region, Slovenia, Croatia, North Macedonia, Albania, Bosnia and Herzegovina, Montenegro + a foray into Eastern Turkey).<\/p>\n\n\n\n<p><strong>Purpose:<\/strong><\/p>\n\n\n\n<p>In 2023, we proposed to take the Balkan countries &quot;in step&quot; in search of the dishes that unite us, but also to identify the microlocal, local, regional or even national specifics.<\/p>\n\n\n\n<p>All gastronomy has a continental and subcontinental specificity. Located in the immediate northern vicinity of the Balkans, the Romanians have created a traditional gastronomy in close connection with the food habits of the South of the Danube (and not only). The Ottoman influence is visible both here and in the rest of the mentioned area.<\/p>\n\n\n\n<p>We have extremely many dishes similar to our neighbors, but the Romanian specificity can only be identified after documenting the regional differences. Our little ones are different from their Balkan cousins - cevapcici - by the amount of garlic and, above all, by the addition of Sodium Bicarbonate - a differentiating ingredient so that the dish is Romanian and not Balkan.<\/p>\n\n\n\n<p>Our long-running expedition aims to tell these culinary stories and more.<\/p>\n\n\n\n<p>Apart from the main line of approach, we will document and write articles or series of articles on different topics: social, about diaspora, about the image of Romania in the Balkans, about post-industrial remains, markets, tourism, people and relevant stories.<\/p>\n\n\n\n<p><strong>Who we are?<\/strong><\/p>\n\n\n\n<p><strong>Cosmin Dragomir<\/strong> - gastronomy journalist, founder of gastroart.ro (the first magazine dedicated to the research of Romanian gastronomic history and hospitality), author of the volume &quot;Curator of Zacusc\u0103 and other Romanian gastronomic stories&quot;, co-author of &quot;Dulce Rom\u00e2nie - a history of desserts from us&quot;, publisher of old gastronomy books, Eurosomelier.<\/p>\n\n\n\n<p>He writes constantly on gastroart.ro, Zile si Nop\u021bi, MindcraftStories.ro, eisberg.ro, Dilema Veche, revistatomis.ro and.amd. He is the moderator of the Amintiri Gustoase by Cronicari Digitali podcast. He is the author and curator of dulceromanie.ro by Dr. Oetker. He has published hundreds of articles, studies, editorials, interviews on culinary topics. Co-organizer of the National Gastronomy and Wine Congress, co-initiator of the National Gastronomy and Wine Day law, organizer of dozens of conferences and debates.<\/p>\n\n\n\n<p>Awards: Gault &amp; Millau, National Association of Chefs and Confectioners in Tourism, National Association of Travel Journalists, webstock: (2021 \u2013 3rd place Best Company Blog \u2013 Word salad for <a href=\"https:\/\/www.facebook.com\/eisbergromania\/?__cft__%5b0%5d=AZXhRkoGE6L8f_juKPo7XfZ29cwRju9T_rBL9MFTUKM2xCrI-SvmDwMihf0g2OQoSAtrhxng8agzgf4AjxSdrWF07e96bD5lgyRoi0T52tKkdtmgp4TIQDV4sH0Xq26fEj3pQGV0UIL9XSnvcU1qp9SHjRUWUTGcdUoEBr9CAfSQhxPmYCe6K8Ys-eBHUhUjRKQ&amp;__tn__=kK-R\">Eisberg: #simplyfresh<\/a>; 2022 \u2013 2nd place Best Branded Podcasts with <a href=\"https:\/\/www.facebook.com\/hashtag\/amintirigustoase?__eep__=6&amp;__cft__%5b0%5d=AZXhRkoGE6L8f_juKPo7XfZ29cwRju9T_rBL9MFTUKM2xCrI-SvmDwMihf0g2OQoSAtrhxng8agzgf4AjxSdrWF07e96bD5lgyRoi0T52tKkdtmgp4TIQDV4sH0Xq26fEj3pQGV0UIL9XSnvcU1qp9SHjRUWUTGcdUoEBr9CAfSQhxPmYCe6K8Ys-eBHUhUjRKQ&amp;__tn__=*NK-R\">#asty memories<\/a> by <a href=\"https:\/\/www.facebook.com\/cronicaridigitali\/?__cft__%5b0%5d=AZXhRkoGE6L8f_juKPo7XfZ29cwRju9T_rBL9MFTUKM2xCrI-SvmDwMihf0g2OQoSAtrhxng8agzgf4AjxSdrWF07e96bD5lgyRoi0T52tKkdtmgp4TIQDV4sH0Xq26fEj3pQGV0UIL9XSnvcU1qp9SHjRUWUTGcdUoEBr9CAfSQhxPmYCe6K8Ys-eBHUhUjRKQ&amp;__tn__=kK-R\">Digital Chronicles<\/a> &amp; <a href=\"https:\/\/www.facebook.com\/Electroluxromania\/?__cft__%5b0%5d=AZXhRkoGE6L8f_juKPo7XfZ29cwRju9T_rBL9MFTUKM2xCrI-SvmDwMihf0g2OQoSAtrhxng8agzgf4AjxSdrWF07e96bD5lgyRoi0T52tKkdtmgp4TIQDV4sH0Xq26fEj3pQGV0UIL9XSnvcU1qp9SHjRUWUTGcdUoEBr9CAfSQhxPmYCe6K8Ys-eBHUhUjRKQ&amp;__tn__=kK-R\">Electrolux<\/a>)<\/p>\n\n\n\n<p><strong>Cristian Iohan Stefanescu<\/strong> \u2013 Journalist for 30 years, starting as an intern at an agency, then at the newspaper (ZIUA), from where I also left as a war correspondent in the former Yugoslavia, in 1995. Since 2000, I have been working at, for or together with Deutsche Welle. I spent almost 15 years of my time at Deutsche Welle in Germany, in the newsrooms in Cologne, Bonn and Berlin. Between 2005 and 2007, at Jurnalul Na\u021bional, I coordinated two reporting campaigns that contributed to the newspaper&#039;s success: the &quot;Discovery of Romania&quot; caravans and the Jurnalul cruise on the Danube, from Sulina to Bazia\u0219.<\/p>\n\n\n\n<p>From the summer of 2015 until the end of October 2022 I am \/ was the news producer for Digi FM.<\/p>\n\n\n\n<p>I have published, over time, alone or together with other colleagues, reports, analyzes or photographs in Romanian and foreign publications, including The Telegraph, Neue Z\u00fcrcher Zeitung, WDR 5, Funkhaus Europa (currently Cosmo). I was a correspondent in Germany for the public television TVR and for the newspaper Adev\u0103rul. Other collaborations: ARD, ZDF, ORF, Mediaplan.ba, Scoop Balkans, CRJI.org, JazzCulture.ro, Active Watch.<\/p>\n\n\n\n<p>Apart from journalistic activity, I also worked together with the UN Development Program UNDP in a communication training project for parliamentarians and government officials from the Republic of Moldova, I was the coordinator of a German language education program at the Unum foundation in Bucharest.<\/p>\n\n\n\n<p><\/p>\n\n\n\n<p>Photo&nbsp;<a href=\"https:\/\/www.dreamstime.com\/small-toy-house-map-balkans-image248942977\">248942977<\/a>&nbsp;\/&nbsp;<a href=\"https:\/\/www.dreamstime.com\/photos-images\/balkans-map.html\">Balkans Map<\/a>&nbsp;\u00a9&nbsp;<a href=\"https:\/\/www.dreamstime.com\/dmitrimaruta_info\">DM Stock Production<\/a>&nbsp;|&nbsp;<a href=\"https:\/\/www.dreamstime.com\/photos-images\/balkans-map.html\">Dreamstime.com<\/a><\/p>","protected":false},"excerpt":{"rendered":"<p>Probably the largest study of comparative regional gastronomy Over 100 days of field documentation Two books An ambitious journalistic endeavor Dozens of articles, hundreds of posts Looking for sponsors! \ud83d\ude0a Duration: March 1, 2023 \u2013 March 1, 2024 We aim to spend at least 7 days in each Balkan country (Bulgaria, Greece, Serbia [\u2026]<\/p>","protected":false},"author":2,"featured_media":757,"comment_status":"open","ping_status":"open","sticky":false,"template":"","format":"standard","meta":{"footnotes":""},"categories":[39,1],"tags":[],"class_list":["post-756","post","type-post","status-publish","format-standard","has-post-thumbnail","hentry","category-balkanic-tastes","category-general"],"yoast_head":"<!-- This site is optimized with the Yoast SEO plugin v23.4 - https:\/\/yoast.com\/wordpress\/plugins\/seo\/ -->\n<title>Balcanii gastronomici \u0219i numai - Cosmin Dragomir<\/title>\n<meta name=\"robots\" content=\"index, follow, max-snippet:-1, max-image-preview:large, max-video-preview:-1\" \/>\n<link rel=\"canonical\" href=\"https:\/\/cosmindragomir.ro\/en\/2023\/02\/14\/balcanii-gastronomici-si-numai\/\" \/>\n<meta property=\"og:locale\" content=\"en_US\" \/>\n<meta property=\"og:type\" content=\"article\" \/>\n<meta property=\"og:title\" content=\"Balcanii gastronomici \u0219i numai - Cosmin Dragomir\" \/>\n<meta property=\"og:description\" content=\"Probabil cel mai amplu studiu de gastronomie regional\u0103 comparativ\u0103 Peste 100 de zile de documentare pe teren Dou\u0103 c\u0103r\u021bi Un demers jurnalistic ambi\u021bios Zeci de articole, sute de post\u0103ri C\u0103ut\u0103m sponsori! \ud83d\ude0a Durat\u0103: 1 martie 2023 \u2013 1 martie 2024 Ne propunem s\u0103 petrecem cel pu\u021bin 7 zile \u00een fiecare \u021bar\u0103 balcanic\u0103 (Bulgaria, Grecia, Serbia [&hellip;]\" \/>\n<meta property=\"og:url\" content=\"https:\/\/cosmindragomir.ro\/en\/2023\/02\/14\/balcanii-gastronomici-si-numai\/\" \/>\n<meta property=\"og:site_name\" content=\"Cosmin Dragomir\" \/>\n<meta property=\"article:publisher\" content=\"https:\/\/www.facebook.com\/cosmin.dragomir.12\" \/>\n<meta property=\"article:author\" content=\"https:\/\/www.facebook.com\/cosmin.dragomir.12\" \/>\n<meta property=\"article:published_time\" content=\"2023-02-14T03:55:33+00:00\" \/>\n<meta property=\"article:modified_time\" content=\"2023-02-27T02:22:04+00:00\" \/>\n<meta property=\"og:image\" content=\"https:\/\/cosmindragomir.ro\/wp-content\/uploads\/2023\/02\/dreamstime_s_248942977.jpg\" \/>\n\t<meta property=\"og:image:width\" content=\"800\" \/>\n\t<meta property=\"og:image:height\" content=\"531\" \/>\n\t<meta property=\"og:image:type\" content=\"image\/jpeg\" \/>\n<meta name=\"author\" content=\"Cosmin Dragomir\" \/>\n<meta name=\"twitter:card\" content=\"summary_large_image\" \/>\n<meta name=\"twitter:label1\" content=\"Written by\" \/>\n\t<meta name=\"twitter:data1\" content=\"Cosmin Dragomir\" \/>\n\t<meta name=\"twitter:label2\" content=\"Est. reading time\" \/>\n\t<meta name=\"twitter:data2\" content=\"4 minutes\" \/>\n<script type=\"application\/ld+json\" class=\"yoast-schema-graph\">{\"@context\":\"https:\/\/schema.org\",\"@graph\":[{\"@type\":\"Article\",\"@id\":\"https:\/\/cosmindragomir.ro\/2023\/02\/14\/balcanii-gastronomici-si-numai\/#article\",\"isPartOf\":{\"@id\":\"https:\/\/cosmindragomir.ro\/2023\/02\/14\/balcanii-gastronomici-si-numai\/\"},\"author\":{\"name\":\"Cosmin Dragomir\",\"@id\":\"https:\/\/cosmindragomir.ro\/#\/schema\/person\/fa5dfbff9a3c217f077eaada3362ebe0\"},\"headline\":\"Balcanii gastronomici \u0219i numai\",\"datePublished\":\"2023-02-14T03:55:33+00:00\",\"dateModified\":\"2023-02-27T02:22:04+00:00\",\"mainEntityOfPage\":{\"@id\":\"https:\/\/cosmindragomir.ro\/2023\/02\/14\/balcanii-gastronomici-si-numai\/\"},\"wordCount\":727,\"commentCount\":0,\"publisher\":{\"@id\":\"https:\/\/cosmindragomir.ro\/#\/schema\/person\/fa5dfbff9a3c217f077eaada3362ebe0\"},\"image\":{\"@id\":\"https:\/\/cosmindragomir.ro\/2023\/02\/14\/balcanii-gastronomici-si-numai\/#primaryimage\"},\"thumbnailUrl\":\"https:\/\/cosmindragomir.ro\/wp-content\/uploads\/2023\/02\/dreamstime_s_248942977.jpg\",\"articleSection\":[\"Balkanic Tastes\",\"general\"],\"inLanguage\":\"en-US\",\"potentialAction\":[{\"@type\":\"CommentAction\",\"name\":\"Comment\",\"target\":[\"https:\/\/cosmindragomir.ro\/2023\/02\/14\/balcanii-gastronomici-si-numai\/#respond\"]}]},{\"@type\":\"WebPage\",\"@id\":\"https:\/\/cosmindragomir.ro\/2023\/02\/14\/balcanii-gastronomici-si-numai\/\",\"url\":\"https:\/\/cosmindragomir.ro\/2023\/02\/14\/balcanii-gastronomici-si-numai\/\",\"name\":\"Balcanii gastronomici \u0219i numai - Cosmin Dragomir\",\"isPartOf\":{\"@id\":\"https:\/\/cosmindragomir.ro\/#website\"},\"primaryImageOfPage\":{\"@id\":\"https:\/\/cosmindragomir.ro\/2023\/02\/14\/balcanii-gastronomici-si-numai\/#primaryimage\"},\"image\":{\"@id\":\"https:\/\/cosmindragomir.ro\/2023\/02\/14\/balcanii-gastronomici-si-numai\/#primaryimage\"},\"thumbnailUrl\":\"https:\/\/cosmindragomir.ro\/wp-content\/uploads\/2023\/02\/dreamstime_s_248942977.jpg\",\"datePublished\":\"2023-02-14T03:55:33+00:00\",\"dateModified\":\"2023-02-27T02:22:04+00:00\",\"breadcrumb\":{\"@id\":\"https:\/\/cosmindragomir.ro\/2023\/02\/14\/balcanii-gastronomici-si-numai\/#breadcrumb\"},\"inLanguage\":\"en-US\",\"potentialAction\":[{\"@type\":\"ReadAction\",\"target\":[\"https:\/\/cosmindragomir.ro\/2023\/02\/14\/balcanii-gastronomici-si-numai\/\"]}]},{\"@type\":\"ImageObject\",\"inLanguage\":\"en-US\",\"@id\":\"https:\/\/cosmindragomir.ro\/2023\/02\/14\/balcanii-gastronomici-si-numai\/#primaryimage\",\"url\":\"https:\/\/cosmindragomir.ro\/wp-content\/uploads\/2023\/02\/dreamstime_s_248942977.jpg\",\"contentUrl\":\"https:\/\/cosmindragomir.ro\/wp-content\/uploads\/2023\/02\/dreamstime_s_248942977.jpg\",\"width\":800,\"height\":531},{\"@type\":\"BreadcrumbList\",\"@id\":\"https:\/\/cosmindragomir.ro\/2023\/02\/14\/balcanii-gastronomici-si-numai\/#breadcrumb\",\"itemListElement\":[{\"@type\":\"ListItem\",\"position\":1,\"name\":\"Home\",\"item\":\"https:\/\/cosmindragomir.ro\/\"},{\"@type\":\"ListItem\",\"position\":2,\"name\":\"Balcanii gastronomici \u0219i numai\"}]},{\"@type\":\"WebSite\",\"@id\":\"https:\/\/cosmindragomir.ro\/#website\",\"url\":\"https:\/\/cosmindragomir.ro\/\",\"name\":\"Cosmin Dragomir\",\"description\":\"istorie pe p\u00e2ine\",\"publisher\":{\"@id\":\"https:\/\/cosmindragomir.ro\/#\/schema\/person\/fa5dfbff9a3c217f077eaada3362ebe0\"},\"potentialAction\":[{\"@type\":\"SearchAction\",\"target\":{\"@type\":\"EntryPoint\",\"urlTemplate\":\"https:\/\/cosmindragomir.ro\/?s={search_term_string}\"},\"query-input\":{\"@type\":\"PropertyValueSpecification\",\"valueRequired\":true,\"valueName\":\"search_term_string\"}}],\"inLanguage\":\"en-US\"},{\"@type\":[\"Person\",\"Organization\"],\"@id\":\"https:\/\/cosmindragomir.ro\/#\/schema\/person\/fa5dfbff9a3c217f077eaada3362ebe0\",\"name\":\"Cosmin Dragomir\",\"image\":{\"@type\":\"ImageObject\",\"inLanguage\":\"en-US\",\"@id\":\"https:\/\/cosmindragomir.ro\/#\/schema\/person\/image\/\",\"url\":\"https:\/\/cosmindragomir.ro\/wp-content\/uploads\/2019\/06\/cropped-cropped-14610998_1103641976422462_2912219255401263028_n-1-1.jpg\",\"contentUrl\":\"https:\/\/cosmindragomir.ro\/wp-content\/uploads\/2019\/06\/cropped-cropped-14610998_1103641976422462_2912219255401263028_n-1-1.jpg\",\"width\":200,\"height\":200,\"caption\":\"Cosmin Dragomir\"},\"logo\":{\"@id\":\"https:\/\/cosmindragomir.ro\/#\/schema\/person\/image\/\"},\"sameAs\":[\"https:\/\/cosmindragomir.ro\",\"https:\/\/www.facebook.com\/cosmin.dragomir.12\",\"https:\/\/www.instagram.com\/cosmindragomir_gastroart\/\"],\"url\":\"https:\/\/cosmindragomir.ro\/en\/author\/cosmind\/\"}]}<\/script>\n<!-- \/ Yoast SEO plugin. -->","yoast_head_json":{"title":"Balcanii gastronomici \u0219i numai - Cosmin Dragomir","robots":{"index":"index","follow":"follow","max-snippet":"max-snippet:-1","max-image-preview":"max-image-preview:large","max-video-preview":"max-video-preview:-1"},"canonical":"https:\/\/cosmindragomir.ro\/en\/2023\/02\/14\/balcanii-gastronomici-si-numai\/","og_locale":"en_US","og_type":"article","og_title":"Balcanii gastronomici \u0219i numai - Cosmin Dragomir","og_description":"Probabil cel mai amplu studiu de gastronomie regional\u0103 comparativ\u0103 Peste 100 de zile de documentare pe teren Dou\u0103 c\u0103r\u021bi Un demers jurnalistic ambi\u021bios Zeci de articole, sute de post\u0103ri C\u0103ut\u0103m sponsori! \ud83d\ude0a Durat\u0103: 1 martie 2023 \u2013 1 martie 2024 Ne propunem s\u0103 petrecem cel pu\u021bin 7 zile \u00een fiecare \u021bar\u0103 balcanic\u0103 (Bulgaria, Grecia, Serbia [&hellip;]","og_url":"https:\/\/cosmindragomir.ro\/en\/2023\/02\/14\/balcanii-gastronomici-si-numai\/","og_site_name":"Cosmin Dragomir","article_publisher":"https:\/\/www.facebook.com\/cosmin.dragomir.12","article_author":"https:\/\/www.facebook.com\/cosmin.dragomir.12","article_published_time":"2023-02-14T03:55:33+00:00","article_modified_time":"2023-02-27T02:22:04+00:00","og_image":[{"width":800,"height":531,"url":"https:\/\/cosmindragomir.ro\/wp-content\/uploads\/2023\/02\/dreamstime_s_248942977.jpg","type":"image\/jpeg"}],"author":"Cosmin Dragomir","twitter_card":"summary_large_image","twitter_misc":{"Written by":"Cosmin Dragomir","Est. reading time":"4 minutes"},"schema":{"@context":"https:\/\/schema.org","@graph":[{"@type":"Article","@id":"https:\/\/cosmindragomir.ro\/2023\/02\/14\/balcanii-gastronomici-si-numai\/#article","isPartOf":{"@id":"https:\/\/cosmindragomir.ro\/2023\/02\/14\/balcanii-gastronomici-si-numai\/"},"author":{"name":"Cosmin Dragomir","@id":"https:\/\/cosmindragomir.ro\/#\/schema\/person\/fa5dfbff9a3c217f077eaada3362ebe0"},"headline":"Balcanii gastronomici \u0219i numai","datePublished":"2023-02-14T03:55:33+00:00","dateModified":"2023-02-27T02:22:04+00:00","mainEntityOfPage":{"@id":"https:\/\/cosmindragomir.ro\/2023\/02\/14\/balcanii-gastronomici-si-numai\/"},"wordCount":727,"commentCount":0,"publisher":{"@id":"https:\/\/cosmindragomir.ro\/#\/schema\/person\/fa5dfbff9a3c217f077eaada3362ebe0"},"image":{"@id":"https:\/\/cosmindragomir.ro\/2023\/02\/14\/balcanii-gastronomici-si-numai\/#primaryimage"},"thumbnailUrl":"https:\/\/cosmindragomir.ro\/wp-content\/uploads\/2023\/02\/dreamstime_s_248942977.jpg","articleSection":["Balkanic Tastes","general"],"inLanguage":"en-US","potentialAction":[{"@type":"CommentAction","name":"Comment","target":["https:\/\/cosmindragomir.ro\/2023\/02\/14\/balcanii-gastronomici-si-numai\/#respond"]}]},{"@type":"WebPage","@id":"https:\/\/cosmindragomir.ro\/2023\/02\/14\/balcanii-gastronomici-si-numai\/","url":"https:\/\/cosmindragomir.ro\/2023\/02\/14\/balcanii-gastronomici-si-numai\/","name":"Balcanii gastronomici \u0219i numai - Cosmin Dragomir","isPartOf":{"@id":"https:\/\/cosmindragomir.ro\/#website"},"primaryImageOfPage":{"@id":"https:\/\/cosmindragomir.ro\/2023\/02\/14\/balcanii-gastronomici-si-numai\/#primaryimage"},"image":{"@id":"https:\/\/cosmindragomir.ro\/2023\/02\/14\/balcanii-gastronomici-si-numai\/#primaryimage"},"thumbnailUrl":"https:\/\/cosmindragomir.ro\/wp-content\/uploads\/2023\/02\/dreamstime_s_248942977.jpg","datePublished":"2023-02-14T03:55:33+00:00","dateModified":"2023-02-27T02:22:04+00:00","breadcrumb":{"@id":"https:\/\/cosmindragomir.ro\/2023\/02\/14\/balcanii-gastronomici-si-numai\/#breadcrumb"},"inLanguage":"en-US","potentialAction":[{"@type":"ReadAction","target":["https:\/\/cosmindragomir.ro\/2023\/02\/14\/balcanii-gastronomici-si-numai\/"]}]},{"@type":"ImageObject","inLanguage":"en-US","@id":"https:\/\/cosmindragomir.ro\/2023\/02\/14\/balcanii-gastronomici-si-numai\/#primaryimage","url":"https:\/\/cosmindragomir.ro\/wp-content\/uploads\/2023\/02\/dreamstime_s_248942977.jpg","contentUrl":"https:\/\/cosmindragomir.ro\/wp-content\/uploads\/2023\/02\/dreamstime_s_248942977.jpg","width":800,"height":531},{"@type":"BreadcrumbList","@id":"https:\/\/cosmindragomir.ro\/2023\/02\/14\/balcanii-gastronomici-si-numai\/#breadcrumb","itemListElement":[{"@type":"ListItem","position":1,"name":"Home","item":"https:\/\/cosmindragomir.ro\/"},{"@type":"ListItem","position":2,"name":"Balcanii gastronomici \u0219i numai"}]},{"@type":"WebSite","@id":"https:\/\/cosmindragomir.ro\/#website","url":"https:\/\/cosmindragomir.ro\/","name":"Cosmin Dragomir","description":"istorie pe p\u00e2ine","publisher":{"@id":"https:\/\/cosmindragomir.ro\/#\/schema\/person\/fa5dfbff9a3c217f077eaada3362ebe0"},"potentialAction":[{"@type":"SearchAction","target":{"@type":"EntryPoint","urlTemplate":"https:\/\/cosmindragomir.ro\/?s={search_term_string}"},"query-input":{"@type":"PropertyValueSpecification","valueRequired":true,"valueName":"search_term_string"}}],"inLanguage":"en-US"},{"@type":["Person","Organization"],"@id":"https:\/\/cosmindragomir.ro\/#\/schema\/person\/fa5dfbff9a3c217f077eaada3362ebe0","name":"Cosmin Dragomir","image":{"@type":"ImageObject","inLanguage":"en-US","@id":"https:\/\/cosmindragomir.ro\/#\/schema\/person\/image\/","url":"https:\/\/cosmindragomir.ro\/wp-content\/uploads\/2019\/06\/cropped-cropped-14610998_1103641976422462_2912219255401263028_n-1-1.jpg","contentUrl":"https:\/\/cosmindragomir.ro\/wp-content\/uploads\/2019\/06\/cropped-cropped-14610998_1103641976422462_2912219255401263028_n-1-1.jpg","width":200,"height":200,"caption":"Cosmin Dragomir"},"logo":{"@id":"https:\/\/cosmindragomir.ro\/#\/schema\/person\/image\/"},"sameAs":["https:\/\/cosmindragomir.ro","https:\/\/www.facebook.com\/cosmin.dragomir.12","https:\/\/www.instagram.com\/cosmindragomir_gastroart\/"],"url":"https:\/\/cosmindragomir.ro\/en\/author\/cosmind\/"}]}},"_links":{"self":[{"href":"https:\/\/cosmindragomir.ro\/en\/wp-json\/wp\/v2\/posts\/756","targetHints":{"allow":["GET"]}}],"collection":[{"href":"https:\/\/cosmindragomir.ro\/en\/wp-json\/wp\/v2\/posts"}],"about":[{"href":"https:\/\/cosmindragomir.ro\/en\/wp-json\/wp\/v2\/types\/post"}],"author":[{"embeddable":true,"href":"https:\/\/cosmindragomir.ro\/en\/wp-json\/wp\/v2\/users\/2"}],"replies":[{"embeddable":true,"href":"https:\/\/cosmindragomir.ro\/en\/wp-json\/wp\/v2\/comments?post=756"}],"version-history":[{"count":3,"href":"https:\/\/cosmindragomir.ro\/en\/wp-json\/wp\/v2\/posts\/756\/revisions"}],"predecessor-version":[{"id":809,"href":"https:\/\/cosmindragomir.ro\/en\/wp-json\/wp\/v2\/posts\/756\/revisions\/809"}],"wp:featuredmedia":[{"embeddable":true,"href":"https:\/\/cosmindragomir.ro\/en\/wp-json\/wp\/v2\/media\/757"}],"wp:attachment":[{"href":"https:\/\/cosmindragomir.ro\/en\/wp-json\/wp\/v2\/media?parent=756"}],"wp:term":[{"taxonomy":"category","embeddable":true,"href":"https:\/\/cosmindragomir.ro\/en\/wp-json\/wp\/v2\/categories?post=756"},{"taxonomy":"post_tag","embeddable":true,"href":"https:\/\/cosmindragomir.ro\/en\/wp-json\/wp\/v2\/tags?post=756"}],"curies":[{"name":"wp","href":"https:\/\/api.w.org\/{rel}","templated":true}]}}