{"id":1261,"date":"2023-11-05T07:42:26","date_gmt":"2023-11-05T05:42:26","guid":{"rendered":"https:\/\/cosmindragomir.ro\/?p=1261"},"modified":"2023-11-05T07:42:27","modified_gmt":"2023-11-05T05:42:27","slug":"diana-popescu-prefata-la-volumul-colectionarul-de-sarmale-si-alte-povestiri-culinare","status":"publish","type":"post","link":"https:\/\/cosmindragomir.ro\/ro\/2023\/11\/05\/diana-popescu-prefata-la-volumul-colectionarul-de-sarmale-si-alte-povestiri-culinare\/","title":{"rendered":"Diana Popescu, prefa\u021b\u0103 la volumul Colec\u021bionarul de Sarmale \u0219i alte povestiri culinare"},"content":{"rendered":"\n<p><\/p>\n\n\n\n<p><strong>Volumul <em>Colec\u021bionarul de sarmale \u0219i alte povestiri culinare <\/em>este disponibil pentru precomand\u0103 \u0219i ajunge la dumneavoastr\u0103 \u00een prima jum\u0103tate a lunii decembrie. Pute\u021bi<a href=\"https:\/\/carturesti.ro\/carte\/colectionarul-de-sarmale-si-alte-povestiri-gastronomice-2378562242?p=1\" target=\"_blank\" rel=\"noreferrer noopener\"> precomanda cartea aici<\/a>. P\u00e2n\u0103 atunci pute\u021bi citi prefa\u021ba acestui volum scris\u0103 de Diana Popescu. <\/strong><\/p>\n\n\n\n<p>\u0218ti\u021bi cum v\u0103 sf\u0103tuiesc exper\u021bii \u00een cump\u0103tare, prietenii bugetelor voastre \u0219i marii du\u0219mani ai hipermarketurilor: &#8222;Nu pleca\u021bi la cump\u0103r\u0103turi pe burta goal\u0103&#8221;. La fel v\u0103 recomand \u0219i eu: nu v-apuca\u021bi de citit cartea lui Cosmin dec\u00e2t dup\u0103 o mas\u0103 \u00eendestul\u0103toare. \u00cen caz contrar, v\u0103 afla\u021bi \u00eentr-un real pericol. Omul \u0103sta e malefic: scrie despre m\u00e2ncare cu \u00eenfl\u0103c\u0103rarea cu care atac\u0103 farfuriile. Are pentru gastronomie o pasiune tangent\u0103 cu frenezia. \u0218i un chef inepuizabil de explorat. Practic, suspectez c\u0103 se opre\u0219te din cercetat, analizat \u0219i comparat doar atunci c\u00e2nd scrie.<\/p>\n\n\n\n<p>Nu e de mirare, deci c\u0103 dup\u0103 &#8222;Curatorul de zacusc\u0103&#8221; recidiveaz\u0103 cu volumul de fa\u021b\u0103. Cum s\u0103-l descriu? Ar fi putut fi o &#8222;Teleenciclopedie&#8221; a sarmalelor. Sau, pentru cititorii mai tineri, o Wikipedia sarmalier\u0103. Ce este, de fapt? Un jukebox gastronomic. Ca \u00eentr-un club \u00een care ie\u0219i cu prietenii, bagi o fis\u0103 \u0219i-alegi piesa favorit\u0103, din c\u0103r\u021boiul \u0103sta irezistibil po\u021bi extrage fix ce-\u021bi ferice\u0219te papilele. Ce-\u021bi potole\u0219te setea de licori. Sau aia de cunoa\u0219tere.<\/p>\n\n\n<div class=\"wp-block-image\">\n<figure class=\"aligncenter size-large\"><a href=\"https:\/\/carturesti.ro\/carte\/colectionarul-de-sarmale-si-alte-povestiri-gastronomice-2378562242?p=1\" target=\"_blank\" rel=\"https:\/\/carturesti.ro\/carte\/colectionarul-de-sarmale-si-alte-povestiri-gastronomice-2378562242?p=1 noopener\"><img loading=\"lazy\" decoding=\"async\" width=\"741\" height=\"1024\" src=\"https:\/\/cosmindragomir.ro\/wp-content\/uploads\/2023\/10\/coperta-colectionar-sarmale-741x1024.webp\" alt=\"\" class=\"wp-image-1256\" srcset=\"https:\/\/cosmindragomir.ro\/wp-content\/uploads\/2023\/10\/coperta-colectionar-sarmale-741x1024.webp 741w, https:\/\/cosmindragomir.ro\/wp-content\/uploads\/2023\/10\/coperta-colectionar-sarmale-217x300.webp 217w, https:\/\/cosmindragomir.ro\/wp-content\/uploads\/2023\/10\/coperta-colectionar-sarmale-768x1062.webp 768w, https:\/\/cosmindragomir.ro\/wp-content\/uploads\/2023\/10\/coperta-colectionar-sarmale-9x12.webp 9w, https:\/\/cosmindragomir.ro\/wp-content\/uploads\/2023\/10\/coperta-colectionar-sarmale-600x829.webp 600w, https:\/\/cosmindragomir.ro\/wp-content\/uploads\/2023\/10\/coperta-colectionar-sarmale-jpg.webp 868w\" sizes=\"auto, (max-width: 741px) 100vw, 741px\" \/><\/a><\/figure>\n<\/div>\n\n\n<p>Cosmin nu face discrimin\u0103ri: scrie pentru carnivorii maniaci \u0219i pentru vegetarienii de neconvertit; pentru turba\u021bii dup\u0103 dulciuri \u0219i cei pe care-i indispune p\u00e2n\u0103 \u0219i ideea de zah\u0103r; pentru tradi\u021bionali\u0219ti \u0219i pentru progresi\u0219ti, pentru cei c\u0103rora le plac experimentele-n farfurie \u0219i cei care se tem s\u0103 se-apropie de ceva ce n-au m\u00e2ncat &#8222;la mama acas\u0103&#8221;. Orice cet\u0103\u021bean interesat de fenomenul culinar va g\u0103si aici un volum uria\u0219 de informa\u021bie. \u0218i, ceea ce apreciez at\u00e2t la autor, c\u00e2t \u0219i la carte, foarte mult umor.<\/p>\n\n\n\n<p>Umorul e vital, c\u00e2nd dezba\u021bi teme complexe precum cea mai bun\u0103 diet\u0103 pentru r\u0103scoale \u0219i revolu\u021bii; inexorabila leg\u0103tur\u0103 dintre mici \u0219i patriotism; cum au influen\u021bat c\u00e2rciumile dezvoltarea geografic\u0103 a Capitalei; stabilimentele culinare cu \u0219taif de odinioar\u0103 \u0219i rolul decisiv din literatura neao\u0219\u0103.<\/p>\n\n\n\n<p>Umorul e vital \u0219i c\u00e2nd scrii lucruri \u00eenc\u00e2nt\u0103toare pentru nucleul dur al gurmanzilor, dar tulbur\u0103toare pentru naturelul sim\u021bitor al altora. De pild\u0103, c\u00e2nd ataci zona organelor, a ma\u021belor \u0219i-a altor &#8222;dedesubturi&#8221; animaliere. Nu v\u0103 panica\u021bi, totu\u0219i: exist\u0103 \u00een carte o sec\u021biune dedicat\u0103 mur\u0103turilor, \u00een plus se fac referiri exhaustive la \u021buici, vinuri, bere, rachiuri \u0219i alte miracole lichide care s\u0103 v\u0103 repun\u0103 pe picioare. Dac\u0103 v\u0103 trezi\u021bi cu mahmureal\u0103 dup\u0103 consum nu tocmai moderat, capitolul rezervat ciorbelor, bor\u0219urilor \u0219i altor zemuri de soi \u00ee\u0219i va face, cu siguran\u021b\u0103, efectul.<\/p>\n\n\n\n<p>Efectul c\u0103r\u021bii e c\u0103-\u021bi face poft\u0103 de m\u00e2ncare. \u00ce\u021bi d\u0103 curaj (m\u0103car teoretic) s\u0103-ncerci lucruri de care te-ai \u021binut departe. Dar, cel mai important, \u00ee\u021bi face poft\u0103 de citit. P\u00e2n\u0103 la urm\u0103, vorbim de-o carte \u00een care g\u0103se\u0219ti salam de Sibiu \u0219i m\u00e2n\u0103stiri de maici; &#8222;v\u00e2na&#8221; de critic culinar a lui Br\u00e2ncu\u0219i \u0219i subtilit\u0103\u021bi precum diferen\u021ba dintre sana, chefir, iaurt \u0219i lapte b\u0103tut. Se vorbe\u0219te despre m\u00e2ncare \u0219i ideologie, m\u00e2ncare \u0219i marketing, superstaruri alimentare \u0219i m\u00e2nc\u0103turi oropsite; despre complexa chestiune a m\u00e2nc\u0103rii stradale, brand-urile culinare ale ora\u0219elor \u0219i antropologie la foc sc\u0103zut; despre pastram\u0103 cu b\u0103taie lung\u0103 (tocmai p\u00e2n\u0103 la New York) \u0219i hoteluri de lux.<\/p>\n\n\n\n<p>Vre\u021bi s\u0103 afla\u021bi c\u00e2te ceva despre zacusc\u0103? Imposibil. De la Cosmin afla\u021bi (aproape) tot. \u0218i, fiindc\u0103 autorul m\u0103n\u00e2nc\u0103 nu doar zacusc\u0103, ci \u0219i istorie pe p\u00e2ine, a\u0219tepta\u021bi-v\u0103 s\u0103 g\u0103si\u021bi chestiuni de toat\u0103 mirarea despre acest aliment de-a dreptul legendar.&nbsp;<\/p>\n\n\n\n<p>Am zis &#8222;legendar&#8221;? Nu v\u0103 imagina\u021bi c\u0103-n cele peste 700 de pagini n-au \u00eenc\u0103put \u0219i niscaiva legende, mituri \u0219i controverse savuroase; obiceiuri l\u0103udabile \u0219i n\u0103ravuri detestabile; mari doamne ale gastronomiei (fie c\u0103-s de os domnesc sau vrednice fiice ale poporului) \u0219i bizarerii alimentare. Cum v\u0103 sun\u0103, de pild\u0103, &#8222;varz\u0103 cu icre&#8221;, &#8222;sup\u0103 de icre&#8221;, &#8222;salat\u0103 de vinete \u0219i icre&#8221;? Dar &#8222;ceap\u0103 umplut\u0103 cu usturoi&#8221;? S-ar putea s\u0103 sune intimidant, dar s\u0103 aib\u0103 un gust \u0219i-o poveste delicioase.<\/p>\n\n\n\n<p>Dac\u0103 v\u0103 spun c-am g\u0103sit \u00een carte p\u00e2n\u0103 \u0219i referiri culinare la o senza\u021bional\u0103 pies\u0103 de teatru, devenit\u0103 ulterior spectacol memorabil la Bulandra, trebuie s\u0103 m\u0103 crede\u021bi pe cuv\u00e2nt. De\u0219i mai bine verifica\u021bi citind-o.<\/p>\n\n\n\n<p>Revenind la titlu, se-nt\u00e2mpl\u0103 un fenomen bizar, \u00een materie de sarmale. \u00cen cazul meu, cel pu\u021bin.<\/p>\n\n\n\n<p>\u00cen vreme ce la uria\u0219a majoritate a preparatelor de pe lumea asta am gusturi foarte specifice, preten\u021bii exacte \u0219i preferin\u021be vecine cu fixismul, c\u00e2nd vine vorba de sarmale sunt de-o toleran\u021b\u0103 de-a dreptul suspect\u0103.<\/p>\n\n\n\n<p>Pe scurt, \u00eemi plac alea de varz\u0103, dar \u0219i alea \u00eenvelite-n foi de vi\u021b\u0103; cele cu varza acr\u0103 de \u021bi se strepezesc neuronii, dar \u0219i cele cu varza dulce de-o po\u021bi propti \u0219i-ntr-un desert; cele cu sos \u00een care-a intrat toat\u0103 produc\u021bia de bulion pe anul \u00een curs, dar \u0219i cele care n-au sim\u021bit adiere de ro\u0219ie. Cu porc, cu vit\u0103, cu amestec porc-vit\u0103, cu miel, curcan, ba chiar \u0219i f\u0103r\u0103 micron de carne. Cu zeam\u0103 mult\u0103 sau &#8222;uscate&#8221; mult \u0219i bine \u00een cuptor; ca la mama mare acas\u0103 sau cu mirodenii demente de pe partea cealalt\u0103 a P\u0103m\u00e2ntului.<\/p>\n\n\n\n<p>Gata, m\u0103 opresc. Ce \u00eencercam s\u0103 spun &#8211; \u00een nepermis de multe cuvinte &#8211; c\u0103-n\u021beleg perfect nebunia lui Cosmin cu sarmalele. O va \u00een\u021belege fiecare cititor, odat\u0103 ce parcurge sec\u021biunea dedicat\u0103. Fiindc\u0103 acolo se vorbe\u0219te despre tot ce \u0219tim (sau credem c\u0103 \u0219tim) despre sarmale, dar \u0219i despre lucruri pe care n-am fi \u00eendr\u0103znit s\u0103 le b\u0103nuim. Despre sortimente preistorice, variet\u0103\u021bi nobile, sarmale &#8222;de interven\u021bie&#8221;, sarmale literare, sarmale de la cel\u0103lalt cap\u0103t al lumii \u0219i tot a\u0219a. Dac\u0103, \u00eentr-o bun\u0103 zi, cineva o s\u0103 descopere existen\u021ba sarmalelor extraterestre, fi\u021bi siguri c\u0103 e vorba de Cosmin.&nbsp;<\/p>\n\n\n\n<p>Deocamdat\u0103, a adunat \u00een colec\u021bia fizic\u0103 doar sarmale p\u0103m\u00e2ntene. Mai ales din peregrin\u0103rile prin Balcani, cea mai recent\u0103 &#8222;n\u0103zb\u00e2tie&#8221; documentar\u0103 pe care \u0219i-a trecut-o \u00een cont. O spun din nou: plezirismul de care s-ar putea face &#8222;vinovat&#8221; e doar o aparen\u021b\u0103, rezult\u0103 limpede din fiecare articol. N-avem de-a face cu o colec\u021bie de cronici &#8222;impresioniste&#8221;, ci cu rezultatul unor \u00eendelungi cercet\u0103ri. \u00cen cazul lui, istoric culinar nu e un titlu care doar d\u0103 bine \u00een prezent\u0103ri. Fiindc\u0103 entuziasmul cu care m\u0103n\u00e2nc\u0103 e egalat doar de cel cu care sap\u0103 \u00een arhive. Tocmai de asta, dup\u0103&nbsp;<em>Colec\u021bionarul de sarmale<\/em>&nbsp;ve\u021bi r\u0103m\u00e2ne cu revela\u021bii&nbsp;multiple. \u0218i cu bucuria unui festin.<\/p>\n","protected":false},"excerpt":{"rendered":"<p>Volumul Colec\u021bionarul de sarmale \u0219i alte povestiri culinare este disponibil pentru precomand\u0103 \u0219i ajunge la dumneavoastr\u0103 \u00een prima jum\u0103tate a lunii decembrie. Pute\u021bi precomanda cartea aici. P\u00e2n\u0103 atunci pute\u021bi citi prefa\u021ba acestui volum scris\u0103 de Diana Popescu. \u0218ti\u021bi cum v\u0103 sf\u0103tuiesc exper\u021bii \u00een cump\u0103tare, prietenii bugetelor voastre \u0219i marii du\u0219mani ai hipermarketurilor: &#8222;Nu pleca\u021bi la [&hellip;]<\/p>\n","protected":false},"author":2,"featured_media":1255,"comment_status":"open","ping_status":"open","sticky":false,"template":"","format":"standard","meta":{"footnotes":""},"categories":[1,27],"tags":[],"class_list":["post-1261","post","type-post","status-publish","format-standard","has-post-thumbnail","hentry","category-general","category-stiri"],"yoast_head":"<!-- This site is optimized with the Yoast SEO plugin v23.4 - https:\/\/yoast.com\/wordpress\/plugins\/seo\/ -->\n<title>Diana Popescu, prefa\u021b\u0103 la volumul Colec\u021bionarul de Sarmale \u0219i alte povestiri culinare - Cosmin Dragomir<\/title>\n<meta name=\"robots\" content=\"index, follow, max-snippet:-1, max-image-preview:large, max-video-preview:-1\" \/>\n<link rel=\"canonical\" href=\"https:\/\/cosmindragomir.ro\/ro\/2023\/11\/05\/diana-popescu-prefata-la-volumul-colectionarul-de-sarmale-si-alte-povestiri-culinare\/\" \/>\n<meta property=\"og:locale\" content=\"ro_RO\" \/>\n<meta property=\"og:type\" content=\"article\" \/>\n<meta property=\"og:title\" content=\"Diana Popescu, prefa\u021b\u0103 la volumul Colec\u021bionarul de Sarmale \u0219i alte povestiri culinare - Cosmin Dragomir\" \/>\n<meta property=\"og:description\" content=\"Volumul Colec\u021bionarul de sarmale \u0219i alte povestiri culinare este disponibil pentru precomand\u0103 \u0219i ajunge la dumneavoastr\u0103 \u00een prima jum\u0103tate a lunii decembrie. Pute\u021bi precomanda cartea aici. P\u00e2n\u0103 atunci pute\u021bi citi prefa\u021ba acestui volum scris\u0103 de Diana Popescu. \u0218ti\u021bi cum v\u0103 sf\u0103tuiesc exper\u021bii \u00een cump\u0103tare, prietenii bugetelor voastre \u0219i marii du\u0219mani ai hipermarketurilor: &#8222;Nu pleca\u021bi la [&hellip;]\" \/>\n<meta property=\"og:url\" content=\"https:\/\/cosmindragomir.ro\/ro\/2023\/11\/05\/diana-popescu-prefata-la-volumul-colectionarul-de-sarmale-si-alte-povestiri-culinare\/\" \/>\n<meta property=\"og:site_name\" content=\"Cosmin Dragomir\" \/>\n<meta property=\"article:publisher\" content=\"https:\/\/www.facebook.com\/cosmin.dragomir.12\" \/>\n<meta property=\"article:author\" content=\"https:\/\/www.facebook.com\/cosmin.dragomir.12\" \/>\n<meta property=\"article:published_time\" content=\"2023-11-05T05:42:26+00:00\" \/>\n<meta property=\"article:modified_time\" content=\"2023-11-05T05:42:27+00:00\" \/>\n<meta property=\"og:image\" content=\"https:\/\/cosmindragomir.ro\/wp-content\/uploads\/2023\/10\/Puteti-Precomanda-cartea-lui-Mircea-Groza.png\" \/>\n\t<meta property=\"og:image:width\" content=\"1640\" \/>\n\t<meta property=\"og:image:height\" content=\"924\" \/>\n\t<meta property=\"og:image:type\" content=\"image\/png\" \/>\n<meta name=\"author\" content=\"Cosmin Dragomir\" \/>\n<meta name=\"twitter:card\" content=\"summary_large_image\" \/>\n<meta name=\"twitter:label1\" content=\"Scris de\" \/>\n\t<meta name=\"twitter:data1\" content=\"Cosmin Dragomir\" \/>\n\t<meta name=\"twitter:label2\" content=\"Timp estimat pentru citire\" \/>\n\t<meta name=\"twitter:data2\" content=\"5 minute\" \/>\n<script type=\"application\/ld+json\" class=\"yoast-schema-graph\">{\"@context\":\"https:\/\/schema.org\",\"@graph\":[{\"@type\":\"Article\",\"@id\":\"https:\/\/cosmindragomir.ro\/2023\/11\/05\/diana-popescu-prefata-la-volumul-colectionarul-de-sarmale-si-alte-povestiri-culinare\/#article\",\"isPartOf\":{\"@id\":\"https:\/\/cosmindragomir.ro\/2023\/11\/05\/diana-popescu-prefata-la-volumul-colectionarul-de-sarmale-si-alte-povestiri-culinare\/\"},\"author\":{\"name\":\"Cosmin Dragomir\",\"@id\":\"https:\/\/cosmindragomir.ro\/#\/schema\/person\/fa5dfbff9a3c217f077eaada3362ebe0\"},\"headline\":\"Diana Popescu, prefa\u021b\u0103 la volumul Colec\u021bionarul de Sarmale \u0219i alte povestiri culinare\",\"datePublished\":\"2023-11-05T05:42:26+00:00\",\"dateModified\":\"2023-11-05T05:42:27+00:00\",\"mainEntityOfPage\":{\"@id\":\"https:\/\/cosmindragomir.ro\/2023\/11\/05\/diana-popescu-prefata-la-volumul-colectionarul-de-sarmale-si-alte-povestiri-culinare\/\"},\"wordCount\":1201,\"commentCount\":0,\"publisher\":{\"@id\":\"https:\/\/cosmindragomir.ro\/#\/schema\/person\/fa5dfbff9a3c217f077eaada3362ebe0\"},\"image\":{\"@id\":\"https:\/\/cosmindragomir.ro\/2023\/11\/05\/diana-popescu-prefata-la-volumul-colectionarul-de-sarmale-si-alte-povestiri-culinare\/#primaryimage\"},\"thumbnailUrl\":\"https:\/\/cosmindragomir.ro\/wp-content\/uploads\/2023\/10\/Puteti-Precomanda-cartea-lui-Mircea-Groza.png\",\"articleSection\":[\"general\",\"\u0219tiri\"],\"inLanguage\":\"ro-RO\",\"potentialAction\":[{\"@type\":\"CommentAction\",\"name\":\"Comment\",\"target\":[\"https:\/\/cosmindragomir.ro\/2023\/11\/05\/diana-popescu-prefata-la-volumul-colectionarul-de-sarmale-si-alte-povestiri-culinare\/#respond\"]}]},{\"@type\":\"WebPage\",\"@id\":\"https:\/\/cosmindragomir.ro\/2023\/11\/05\/diana-popescu-prefata-la-volumul-colectionarul-de-sarmale-si-alte-povestiri-culinare\/\",\"url\":\"https:\/\/cosmindragomir.ro\/2023\/11\/05\/diana-popescu-prefata-la-volumul-colectionarul-de-sarmale-si-alte-povestiri-culinare\/\",\"name\":\"Diana Popescu, prefa\u021b\u0103 la volumul Colec\u021bionarul de Sarmale \u0219i alte povestiri culinare - Cosmin Dragomir\",\"isPartOf\":{\"@id\":\"https:\/\/cosmindragomir.ro\/#website\"},\"primaryImageOfPage\":{\"@id\":\"https:\/\/cosmindragomir.ro\/2023\/11\/05\/diana-popescu-prefata-la-volumul-colectionarul-de-sarmale-si-alte-povestiri-culinare\/#primaryimage\"},\"image\":{\"@id\":\"https:\/\/cosmindragomir.ro\/2023\/11\/05\/diana-popescu-prefata-la-volumul-colectionarul-de-sarmale-si-alte-povestiri-culinare\/#primaryimage\"},\"thumbnailUrl\":\"https:\/\/cosmindragomir.ro\/wp-content\/uploads\/2023\/10\/Puteti-Precomanda-cartea-lui-Mircea-Groza.png\",\"datePublished\":\"2023-11-05T05:42:26+00:00\",\"dateModified\":\"2023-11-05T05:42:27+00:00\",\"breadcrumb\":{\"@id\":\"https:\/\/cosmindragomir.ro\/2023\/11\/05\/diana-popescu-prefata-la-volumul-colectionarul-de-sarmale-si-alte-povestiri-culinare\/#breadcrumb\"},\"inLanguage\":\"ro-RO\",\"potentialAction\":[{\"@type\":\"ReadAction\",\"target\":[\"https:\/\/cosmindragomir.ro\/2023\/11\/05\/diana-popescu-prefata-la-volumul-colectionarul-de-sarmale-si-alte-povestiri-culinare\/\"]}]},{\"@type\":\"ImageObject\",\"inLanguage\":\"ro-RO\",\"@id\":\"https:\/\/cosmindragomir.ro\/2023\/11\/05\/diana-popescu-prefata-la-volumul-colectionarul-de-sarmale-si-alte-povestiri-culinare\/#primaryimage\",\"url\":\"https:\/\/cosmindragomir.ro\/wp-content\/uploads\/2023\/10\/Puteti-Precomanda-cartea-lui-Mircea-Groza.png\",\"contentUrl\":\"https:\/\/cosmindragomir.ro\/wp-content\/uploads\/2023\/10\/Puteti-Precomanda-cartea-lui-Mircea-Groza.png\",\"width\":1640,\"height\":924},{\"@type\":\"BreadcrumbList\",\"@id\":\"https:\/\/cosmindragomir.ro\/2023\/11\/05\/diana-popescu-prefata-la-volumul-colectionarul-de-sarmale-si-alte-povestiri-culinare\/#breadcrumb\",\"itemListElement\":[{\"@type\":\"ListItem\",\"position\":1,\"name\":\"Home\",\"item\":\"https:\/\/cosmindragomir.ro\/\"},{\"@type\":\"ListItem\",\"position\":2,\"name\":\"Diana Popescu, prefa\u021b\u0103 la volumul Colec\u021bionarul de Sarmale \u0219i alte povestiri culinare\"}]},{\"@type\":\"WebSite\",\"@id\":\"https:\/\/cosmindragomir.ro\/#website\",\"url\":\"https:\/\/cosmindragomir.ro\/\",\"name\":\"Cosmin Dragomir\",\"description\":\"istorie pe p\u00e2ine\",\"publisher\":{\"@id\":\"https:\/\/cosmindragomir.ro\/#\/schema\/person\/fa5dfbff9a3c217f077eaada3362ebe0\"},\"potentialAction\":[{\"@type\":\"SearchAction\",\"target\":{\"@type\":\"EntryPoint\",\"urlTemplate\":\"https:\/\/cosmindragomir.ro\/?s={search_term_string}\"},\"query-input\":{\"@type\":\"PropertyValueSpecification\",\"valueRequired\":true,\"valueName\":\"search_term_string\"}}],\"inLanguage\":\"ro-RO\"},{\"@type\":[\"Person\",\"Organization\"],\"@id\":\"https:\/\/cosmindragomir.ro\/#\/schema\/person\/fa5dfbff9a3c217f077eaada3362ebe0\",\"name\":\"Cosmin Dragomir\",\"image\":{\"@type\":\"ImageObject\",\"inLanguage\":\"ro-RO\",\"@id\":\"https:\/\/cosmindragomir.ro\/#\/schema\/person\/image\/\",\"url\":\"https:\/\/cosmindragomir.ro\/wp-content\/uploads\/2019\/06\/cropped-cropped-14610998_1103641976422462_2912219255401263028_n-1-1.jpg\",\"contentUrl\":\"https:\/\/cosmindragomir.ro\/wp-content\/uploads\/2019\/06\/cropped-cropped-14610998_1103641976422462_2912219255401263028_n-1-1.jpg\",\"width\":200,\"height\":200,\"caption\":\"Cosmin Dragomir\"},\"logo\":{\"@id\":\"https:\/\/cosmindragomir.ro\/#\/schema\/person\/image\/\"},\"sameAs\":[\"https:\/\/cosmindragomir.ro\",\"https:\/\/www.facebook.com\/cosmin.dragomir.12\",\"https:\/\/www.instagram.com\/cosmindragomir_gastroart\/\"],\"url\":\"https:\/\/cosmindragomir.ro\/ro\/author\/cosmind\/\"}]}<\/script>\n<!-- \/ Yoast SEO plugin. -->","yoast_head_json":{"title":"Diana Popescu, prefa\u021b\u0103 la volumul Colec\u021bionarul de Sarmale \u0219i alte povestiri culinare - Cosmin Dragomir","robots":{"index":"index","follow":"follow","max-snippet":"max-snippet:-1","max-image-preview":"max-image-preview:large","max-video-preview":"max-video-preview:-1"},"canonical":"https:\/\/cosmindragomir.ro\/ro\/2023\/11\/05\/diana-popescu-prefata-la-volumul-colectionarul-de-sarmale-si-alte-povestiri-culinare\/","og_locale":"ro_RO","og_type":"article","og_title":"Diana Popescu, prefa\u021b\u0103 la volumul Colec\u021bionarul de Sarmale \u0219i alte povestiri culinare - Cosmin Dragomir","og_description":"Volumul Colec\u021bionarul de sarmale \u0219i alte povestiri culinare este disponibil pentru precomand\u0103 \u0219i ajunge la dumneavoastr\u0103 \u00een prima jum\u0103tate a lunii decembrie. Pute\u021bi precomanda cartea aici. P\u00e2n\u0103 atunci pute\u021bi citi prefa\u021ba acestui volum scris\u0103 de Diana Popescu. \u0218ti\u021bi cum v\u0103 sf\u0103tuiesc exper\u021bii \u00een cump\u0103tare, prietenii bugetelor voastre \u0219i marii du\u0219mani ai hipermarketurilor: &#8222;Nu pleca\u021bi la [&hellip;]","og_url":"https:\/\/cosmindragomir.ro\/ro\/2023\/11\/05\/diana-popescu-prefata-la-volumul-colectionarul-de-sarmale-si-alte-povestiri-culinare\/","og_site_name":"Cosmin Dragomir","article_publisher":"https:\/\/www.facebook.com\/cosmin.dragomir.12","article_author":"https:\/\/www.facebook.com\/cosmin.dragomir.12","article_published_time":"2023-11-05T05:42:26+00:00","article_modified_time":"2023-11-05T05:42:27+00:00","og_image":[{"width":1640,"height":924,"url":"https:\/\/cosmindragomir.ro\/wp-content\/uploads\/2023\/10\/Puteti-Precomanda-cartea-lui-Mircea-Groza.png","type":"image\/png"}],"author":"Cosmin Dragomir","twitter_card":"summary_large_image","twitter_misc":{"Scris de":"Cosmin Dragomir","Timp estimat pentru citire":"5 minute"},"schema":{"@context":"https:\/\/schema.org","@graph":[{"@type":"Article","@id":"https:\/\/cosmindragomir.ro\/2023\/11\/05\/diana-popescu-prefata-la-volumul-colectionarul-de-sarmale-si-alte-povestiri-culinare\/#article","isPartOf":{"@id":"https:\/\/cosmindragomir.ro\/2023\/11\/05\/diana-popescu-prefata-la-volumul-colectionarul-de-sarmale-si-alte-povestiri-culinare\/"},"author":{"name":"Cosmin Dragomir","@id":"https:\/\/cosmindragomir.ro\/#\/schema\/person\/fa5dfbff9a3c217f077eaada3362ebe0"},"headline":"Diana Popescu, prefa\u021b\u0103 la volumul Colec\u021bionarul de Sarmale \u0219i alte povestiri culinare","datePublished":"2023-11-05T05:42:26+00:00","dateModified":"2023-11-05T05:42:27+00:00","mainEntityOfPage":{"@id":"https:\/\/cosmindragomir.ro\/2023\/11\/05\/diana-popescu-prefata-la-volumul-colectionarul-de-sarmale-si-alte-povestiri-culinare\/"},"wordCount":1201,"commentCount":0,"publisher":{"@id":"https:\/\/cosmindragomir.ro\/#\/schema\/person\/fa5dfbff9a3c217f077eaada3362ebe0"},"image":{"@id":"https:\/\/cosmindragomir.ro\/2023\/11\/05\/diana-popescu-prefata-la-volumul-colectionarul-de-sarmale-si-alte-povestiri-culinare\/#primaryimage"},"thumbnailUrl":"https:\/\/cosmindragomir.ro\/wp-content\/uploads\/2023\/10\/Puteti-Precomanda-cartea-lui-Mircea-Groza.png","articleSection":["general","\u0219tiri"],"inLanguage":"ro-RO","potentialAction":[{"@type":"CommentAction","name":"Comment","target":["https:\/\/cosmindragomir.ro\/2023\/11\/05\/diana-popescu-prefata-la-volumul-colectionarul-de-sarmale-si-alte-povestiri-culinare\/#respond"]}]},{"@type":"WebPage","@id":"https:\/\/cosmindragomir.ro\/2023\/11\/05\/diana-popescu-prefata-la-volumul-colectionarul-de-sarmale-si-alte-povestiri-culinare\/","url":"https:\/\/cosmindragomir.ro\/2023\/11\/05\/diana-popescu-prefata-la-volumul-colectionarul-de-sarmale-si-alte-povestiri-culinare\/","name":"Diana Popescu, prefa\u021b\u0103 la volumul Colec\u021bionarul de Sarmale \u0219i alte povestiri culinare - Cosmin Dragomir","isPartOf":{"@id":"https:\/\/cosmindragomir.ro\/#website"},"primaryImageOfPage":{"@id":"https:\/\/cosmindragomir.ro\/2023\/11\/05\/diana-popescu-prefata-la-volumul-colectionarul-de-sarmale-si-alte-povestiri-culinare\/#primaryimage"},"image":{"@id":"https:\/\/cosmindragomir.ro\/2023\/11\/05\/diana-popescu-prefata-la-volumul-colectionarul-de-sarmale-si-alte-povestiri-culinare\/#primaryimage"},"thumbnailUrl":"https:\/\/cosmindragomir.ro\/wp-content\/uploads\/2023\/10\/Puteti-Precomanda-cartea-lui-Mircea-Groza.png","datePublished":"2023-11-05T05:42:26+00:00","dateModified":"2023-11-05T05:42:27+00:00","breadcrumb":{"@id":"https:\/\/cosmindragomir.ro\/2023\/11\/05\/diana-popescu-prefata-la-volumul-colectionarul-de-sarmale-si-alte-povestiri-culinare\/#breadcrumb"},"inLanguage":"ro-RO","potentialAction":[{"@type":"ReadAction","target":["https:\/\/cosmindragomir.ro\/2023\/11\/05\/diana-popescu-prefata-la-volumul-colectionarul-de-sarmale-si-alte-povestiri-culinare\/"]}]},{"@type":"ImageObject","inLanguage":"ro-RO","@id":"https:\/\/cosmindragomir.ro\/2023\/11\/05\/diana-popescu-prefata-la-volumul-colectionarul-de-sarmale-si-alte-povestiri-culinare\/#primaryimage","url":"https:\/\/cosmindragomir.ro\/wp-content\/uploads\/2023\/10\/Puteti-Precomanda-cartea-lui-Mircea-Groza.png","contentUrl":"https:\/\/cosmindragomir.ro\/wp-content\/uploads\/2023\/10\/Puteti-Precomanda-cartea-lui-Mircea-Groza.png","width":1640,"height":924},{"@type":"BreadcrumbList","@id":"https:\/\/cosmindragomir.ro\/2023\/11\/05\/diana-popescu-prefata-la-volumul-colectionarul-de-sarmale-si-alte-povestiri-culinare\/#breadcrumb","itemListElement":[{"@type":"ListItem","position":1,"name":"Home","item":"https:\/\/cosmindragomir.ro\/"},{"@type":"ListItem","position":2,"name":"Diana Popescu, prefa\u021b\u0103 la volumul Colec\u021bionarul de Sarmale \u0219i alte povestiri culinare"}]},{"@type":"WebSite","@id":"https:\/\/cosmindragomir.ro\/#website","url":"https:\/\/cosmindragomir.ro\/","name":"Cosmin Dragomir","description":"istorie pe p\u00e2ine","publisher":{"@id":"https:\/\/cosmindragomir.ro\/#\/schema\/person\/fa5dfbff9a3c217f077eaada3362ebe0"},"potentialAction":[{"@type":"SearchAction","target":{"@type":"EntryPoint","urlTemplate":"https:\/\/cosmindragomir.ro\/?s={search_term_string}"},"query-input":{"@type":"PropertyValueSpecification","valueRequired":true,"valueName":"search_term_string"}}],"inLanguage":"ro-RO"},{"@type":["Person","Organization"],"@id":"https:\/\/cosmindragomir.ro\/#\/schema\/person\/fa5dfbff9a3c217f077eaada3362ebe0","name":"Cosmin Dragomir","image":{"@type":"ImageObject","inLanguage":"ro-RO","@id":"https:\/\/cosmindragomir.ro\/#\/schema\/person\/image\/","url":"https:\/\/cosmindragomir.ro\/wp-content\/uploads\/2019\/06\/cropped-cropped-14610998_1103641976422462_2912219255401263028_n-1-1.jpg","contentUrl":"https:\/\/cosmindragomir.ro\/wp-content\/uploads\/2019\/06\/cropped-cropped-14610998_1103641976422462_2912219255401263028_n-1-1.jpg","width":200,"height":200,"caption":"Cosmin Dragomir"},"logo":{"@id":"https:\/\/cosmindragomir.ro\/#\/schema\/person\/image\/"},"sameAs":["https:\/\/cosmindragomir.ro","https:\/\/www.facebook.com\/cosmin.dragomir.12","https:\/\/www.instagram.com\/cosmindragomir_gastroart\/"],"url":"https:\/\/cosmindragomir.ro\/ro\/author\/cosmind\/"}]}},"_links":{"self":[{"href":"https:\/\/cosmindragomir.ro\/ro\/wp-json\/wp\/v2\/posts\/1261","targetHints":{"allow":["GET"]}}],"collection":[{"href":"https:\/\/cosmindragomir.ro\/ro\/wp-json\/wp\/v2\/posts"}],"about":[{"href":"https:\/\/cosmindragomir.ro\/ro\/wp-json\/wp\/v2\/types\/post"}],"author":[{"embeddable":true,"href":"https:\/\/cosmindragomir.ro\/ro\/wp-json\/wp\/v2\/users\/2"}],"replies":[{"embeddable":true,"href":"https:\/\/cosmindragomir.ro\/ro\/wp-json\/wp\/v2\/comments?post=1261"}],"version-history":[{"count":1,"href":"https:\/\/cosmindragomir.ro\/ro\/wp-json\/wp\/v2\/posts\/1261\/revisions"}],"predecessor-version":[{"id":1262,"href":"https:\/\/cosmindragomir.ro\/ro\/wp-json\/wp\/v2\/posts\/1261\/revisions\/1262"}],"wp:featuredmedia":[{"embeddable":true,"href":"https:\/\/cosmindragomir.ro\/ro\/wp-json\/wp\/v2\/media\/1255"}],"wp:attachment":[{"href":"https:\/\/cosmindragomir.ro\/ro\/wp-json\/wp\/v2\/media?parent=1261"}],"wp:term":[{"taxonomy":"category","embeddable":true,"href":"https:\/\/cosmindragomir.ro\/ro\/wp-json\/wp\/v2\/categories?post=1261"},{"taxonomy":"post_tag","embeddable":true,"href":"https:\/\/cosmindragomir.ro\/ro\/wp-json\/wp\/v2\/tags?post=1261"}],"curies":[{"name":"wp","href":"https:\/\/api.w.org\/{rel}","templated":true}]}}