{"id":1560,"date":"2024-07-01T07:17:33","date_gmt":"2024-07-01T04:17:33","guid":{"rendered":"https:\/\/cosmindragomir.ro\/?p=1560"},"modified":"2024-07-01T07:17:35","modified_gmt":"2024-07-01T04:17:35","slug":"degustare-de-sarmalele-romanesti-si-central-europene-alaturi-de-vinuri-de-la-villa-vinea","status":"publish","type":"post","link":"https:\/\/cosmindragomir.ro\/ro\/2024\/07\/01\/degustare-de-sarmalele-romanesti-si-central-europene-alaturi-de-vinuri-de-la-villa-vinea\/","title":{"rendered":"Degustare de sarmalele rom\u00e2ne\u0219ti \u0219i central europene al\u0103turi de vinuri de la Villa Vinea"},"content":{"rendered":"\n<figure class=\"wp-block-image alignwide size-full\"><img loading=\"lazy\" decoding=\"async\" width=\"960\" height=\"503\" src=\"https:\/\/cosmindragomir.ro\/wp-content\/uploads\/2024\/07\/449471947_1306584170630942_2963228655783587489_n-jpg.webp\" alt=\"\" class=\"wp-image-1561\" srcset=\"https:\/\/cosmindragomir.ro\/wp-content\/uploads\/2024\/07\/449471947_1306584170630942_2963228655783587489_n-jpg.webp 960w, https:\/\/cosmindragomir.ro\/wp-content\/uploads\/2024\/07\/449471947_1306584170630942_2963228655783587489_n-300x157.webp 300w, https:\/\/cosmindragomir.ro\/wp-content\/uploads\/2024\/07\/449471947_1306584170630942_2963228655783587489_n-768x402.webp 768w, https:\/\/cosmindragomir.ro\/wp-content\/uploads\/2024\/07\/449471947_1306584170630942_2963228655783587489_n-18x9.webp 18w, https:\/\/cosmindragomir.ro\/wp-content\/uploads\/2024\/07\/449471947_1306584170630942_2963228655783587489_n-600x314.webp 600w\" sizes=\"auto, (max-width: 960px) 100vw, 960px\" \/><\/figure>\n\n\n\n<p>Pe 10 iulie, la Corks Cozy Wine Bar din Bucure\u0219ti are loc o nou\u0103 degustare de sarmale curatoriat\u0103 de mine. Spre deosebire de prima edi\u021bie din acest an ca a avut loc \u00een prim\u0103var\u0103, la evenimentul de pe 10 iulie organizatorii v\u0103 propun alte cinci feluri de sarmale, descoperite de mine sau de al\u021bi c\u0103ut\u0103tori de re\u021bete pe teritoriul nostru at\u00e2t la rom\u00e2ni c\u00e2t \u0219i \u00een alte etnii: de porc cu cartofi ra\u0219i \u0219i varz\u0103 murat\u0103 \u2013 specific slovac, de vit\u0103 \u00een vi\u021b\u0103 de vie \u0219i sos gula\u0219 \u2013 re\u021beta lui Chef Nico Lontras, cu urd\u0103 \u0219i stafide \u00een frunze de sfecl\u0103, de orez cu hribi \u00een varz\u0103 dulce \u0219i de berbecu\u021b \u00een frunze de hrean.\u00a0<\/p>\n\n\n\n<p>Sarmalele vor fi \u00eenso\u021bite de vinuri de la Crama Villa Vinea. Participan\u021bii pot degusta: Kerner \u2018The Sarmale Whisperer\u2019, Gew\u00fcrztraminer, Feteasc\u0103 Regal\u0103 &amp; Pinot Noir, toate produse de crama din Ardeal. Evenimentul \u00eencepe la ora 19:00, pre\u021bul unui bilet este 170 de lei \u0219i participarea se face pe baz\u0103 de rezervare la 0730 758 527<\/p>\n\n\n\n<p><\/p>\n","protected":false},"excerpt":{"rendered":"<p>Pe 10 iulie, la Corks Cozy Wine Bar din Bucure\u0219ti are loc o nou\u0103 degustare de sarmale curatoriat\u0103 de mine. Spre deosebire de prima edi\u021bie din acest an ca a avut loc \u00een prim\u0103var\u0103, la evenimentul de pe 10 iulie organizatorii v\u0103 propun alte cinci feluri de sarmale, descoperite de mine sau de al\u021bi c\u0103ut\u0103tori [&hellip;]<\/p>\n","protected":false},"author":2,"featured_media":1561,"comment_status":"open","ping_status":"open","sticky":false,"template":"","format":"standard","meta":{"footnotes":""},"categories":[38,1,27],"tags":[],"class_list":["post-1560","post","type-post","status-publish","format-standard","has-post-thumbnail","hentry","category-enciclopedia-sarmalelor","category-general","category-stiri"],"yoast_head":"<!-- This site is optimized with the Yoast SEO plugin v23.4 - https:\/\/yoast.com\/wordpress\/plugins\/seo\/ -->\n<title>Degustare de sarmalele rom\u00e2ne\u0219ti \u0219i central europene al\u0103turi de vinuri de la Villa Vinea - Cosmin Dragomir<\/title>\n<meta name=\"robots\" content=\"index, follow, max-snippet:-1, max-image-preview:large, max-video-preview:-1\" \/>\n<link rel=\"canonical\" href=\"https:\/\/cosmindragomir.ro\/ro\/2024\/07\/01\/degustare-de-sarmalele-romanesti-si-central-europene-alaturi-de-vinuri-de-la-villa-vinea\/\" \/>\n<meta property=\"og:locale\" content=\"ro_RO\" \/>\n<meta property=\"og:type\" content=\"article\" \/>\n<meta property=\"og:title\" content=\"Degustare de sarmalele rom\u00e2ne\u0219ti \u0219i central europene al\u0103turi de vinuri de la Villa Vinea - Cosmin Dragomir\" \/>\n<meta property=\"og:description\" content=\"Pe 10 iulie, la Corks Cozy Wine Bar din Bucure\u0219ti are loc o nou\u0103 degustare de sarmale curatoriat\u0103 de mine. Spre deosebire de prima edi\u021bie din acest an ca a avut loc \u00een prim\u0103var\u0103, la evenimentul de pe 10 iulie organizatorii v\u0103 propun alte cinci feluri de sarmale, descoperite de mine sau de al\u021bi c\u0103ut\u0103tori [&hellip;]\" \/>\n<meta property=\"og:url\" content=\"https:\/\/cosmindragomir.ro\/ro\/2024\/07\/01\/degustare-de-sarmalele-romanesti-si-central-europene-alaturi-de-vinuri-de-la-villa-vinea\/\" \/>\n<meta property=\"og:site_name\" content=\"Cosmin Dragomir\" \/>\n<meta property=\"article:publisher\" content=\"https:\/\/www.facebook.com\/cosmin.dragomir.12\" \/>\n<meta property=\"article:author\" content=\"https:\/\/www.facebook.com\/cosmin.dragomir.12\" \/>\n<meta property=\"article:published_time\" content=\"2024-07-01T04:17:33+00:00\" \/>\n<meta property=\"article:modified_time\" content=\"2024-07-01T04:17:35+00:00\" \/>\n<meta property=\"og:image\" content=\"https:\/\/cosmindragomir.ro\/wp-content\/uploads\/2024\/07\/449471947_1306584170630942_2963228655783587489_n-jpg.webp\" \/>\n\t<meta property=\"og:image:width\" content=\"960\" \/>\n\t<meta property=\"og:image:height\" content=\"503\" \/>\n\t<meta property=\"og:image:type\" content=\"image\/jpeg\" \/>\n<meta name=\"author\" content=\"Cosmin Dragomir\" \/>\n<meta name=\"twitter:card\" content=\"summary_large_image\" \/>\n<meta name=\"twitter:label1\" content=\"Scris de\" \/>\n\t<meta name=\"twitter:data1\" content=\"Cosmin Dragomir\" \/>\n\t<meta name=\"twitter:label2\" content=\"Timp estimat pentru citire\" \/>\n\t<meta name=\"twitter:data2\" content=\"2 minute\" \/>\n<script type=\"application\/ld+json\" class=\"yoast-schema-graph\">{\"@context\":\"https:\/\/schema.org\",\"@graph\":[{\"@type\":\"Article\",\"@id\":\"https:\/\/cosmindragomir.ro\/2024\/07\/01\/degustare-de-sarmalele-romanesti-si-central-europene-alaturi-de-vinuri-de-la-villa-vinea\/#article\",\"isPartOf\":{\"@id\":\"https:\/\/cosmindragomir.ro\/2024\/07\/01\/degustare-de-sarmalele-romanesti-si-central-europene-alaturi-de-vinuri-de-la-villa-vinea\/\"},\"author\":{\"name\":\"Cosmin Dragomir\",\"@id\":\"https:\/\/cosmindragomir.ro\/#\/schema\/person\/fa5dfbff9a3c217f077eaada3362ebe0\"},\"headline\":\"Degustare de sarmalele rom\u00e2ne\u0219ti \u0219i central europene al\u0103turi de vinuri de la Villa Vinea\",\"datePublished\":\"2024-07-01T04:17:33+00:00\",\"dateModified\":\"2024-07-01T04:17:35+00:00\",\"mainEntityOfPage\":{\"@id\":\"https:\/\/cosmindragomir.ro\/2024\/07\/01\/degustare-de-sarmalele-romanesti-si-central-europene-alaturi-de-vinuri-de-la-villa-vinea\/\"},\"wordCount\":194,\"commentCount\":0,\"publisher\":{\"@id\":\"https:\/\/cosmindragomir.ro\/#\/schema\/person\/fa5dfbff9a3c217f077eaada3362ebe0\"},\"image\":{\"@id\":\"https:\/\/cosmindragomir.ro\/2024\/07\/01\/degustare-de-sarmalele-romanesti-si-central-europene-alaturi-de-vinuri-de-la-villa-vinea\/#primaryimage\"},\"thumbnailUrl\":\"https:\/\/cosmindragomir.ro\/wp-content\/uploads\/2024\/07\/449471947_1306584170630942_2963228655783587489_n-jpg.webp\",\"articleSection\":[\"Enciclopedia Sarmalelor\",\"general\",\"\u0219tiri\"],\"inLanguage\":\"ro-RO\",\"potentialAction\":[{\"@type\":\"CommentAction\",\"name\":\"Comment\",\"target\":[\"https:\/\/cosmindragomir.ro\/2024\/07\/01\/degustare-de-sarmalele-romanesti-si-central-europene-alaturi-de-vinuri-de-la-villa-vinea\/#respond\"]}]},{\"@type\":\"WebPage\",\"@id\":\"https:\/\/cosmindragomir.ro\/2024\/07\/01\/degustare-de-sarmalele-romanesti-si-central-europene-alaturi-de-vinuri-de-la-villa-vinea\/\",\"url\":\"https:\/\/cosmindragomir.ro\/2024\/07\/01\/degustare-de-sarmalele-romanesti-si-central-europene-alaturi-de-vinuri-de-la-villa-vinea\/\",\"name\":\"Degustare de sarmalele rom\u00e2ne\u0219ti \u0219i central europene al\u0103turi de vinuri de la Villa Vinea - Cosmin Dragomir\",\"isPartOf\":{\"@id\":\"https:\/\/cosmindragomir.ro\/#website\"},\"primaryImageOfPage\":{\"@id\":\"https:\/\/cosmindragomir.ro\/2024\/07\/01\/degustare-de-sarmalele-romanesti-si-central-europene-alaturi-de-vinuri-de-la-villa-vinea\/#primaryimage\"},\"image\":{\"@id\":\"https:\/\/cosmindragomir.ro\/2024\/07\/01\/degustare-de-sarmalele-romanesti-si-central-europene-alaturi-de-vinuri-de-la-villa-vinea\/#primaryimage\"},\"thumbnailUrl\":\"https:\/\/cosmindragomir.ro\/wp-content\/uploads\/2024\/07\/449471947_1306584170630942_2963228655783587489_n-jpg.webp\",\"datePublished\":\"2024-07-01T04:17:33+00:00\",\"dateModified\":\"2024-07-01T04:17:35+00:00\",\"breadcrumb\":{\"@id\":\"https:\/\/cosmindragomir.ro\/2024\/07\/01\/degustare-de-sarmalele-romanesti-si-central-europene-alaturi-de-vinuri-de-la-villa-vinea\/#breadcrumb\"},\"inLanguage\":\"ro-RO\",\"potentialAction\":[{\"@type\":\"ReadAction\",\"target\":[\"https:\/\/cosmindragomir.ro\/2024\/07\/01\/degustare-de-sarmalele-romanesti-si-central-europene-alaturi-de-vinuri-de-la-villa-vinea\/\"]}]},{\"@type\":\"ImageObject\",\"inLanguage\":\"ro-RO\",\"@id\":\"https:\/\/cosmindragomir.ro\/2024\/07\/01\/degustare-de-sarmalele-romanesti-si-central-europene-alaturi-de-vinuri-de-la-villa-vinea\/#primaryimage\",\"url\":\"https:\/\/cosmindragomir.ro\/wp-content\/uploads\/2024\/07\/449471947_1306584170630942_2963228655783587489_n-jpg.webp\",\"contentUrl\":\"https:\/\/cosmindragomir.ro\/wp-content\/uploads\/2024\/07\/449471947_1306584170630942_2963228655783587489_n-jpg.webp\",\"width\":960,\"height\":503},{\"@type\":\"BreadcrumbList\",\"@id\":\"https:\/\/cosmindragomir.ro\/2024\/07\/01\/degustare-de-sarmalele-romanesti-si-central-europene-alaturi-de-vinuri-de-la-villa-vinea\/#breadcrumb\",\"itemListElement\":[{\"@type\":\"ListItem\",\"position\":1,\"name\":\"Home\",\"item\":\"https:\/\/cosmindragomir.ro\/\"},{\"@type\":\"ListItem\",\"position\":2,\"name\":\"Degustare de sarmalele rom\u00e2ne\u0219ti \u0219i central europene al\u0103turi de vinuri de la Villa Vinea\"}]},{\"@type\":\"WebSite\",\"@id\":\"https:\/\/cosmindragomir.ro\/#website\",\"url\":\"https:\/\/cosmindragomir.ro\/\",\"name\":\"Cosmin Dragomir\",\"description\":\"istorie pe p\u00e2ine\",\"publisher\":{\"@id\":\"https:\/\/cosmindragomir.ro\/#\/schema\/person\/fa5dfbff9a3c217f077eaada3362ebe0\"},\"potentialAction\":[{\"@type\":\"SearchAction\",\"target\":{\"@type\":\"EntryPoint\",\"urlTemplate\":\"https:\/\/cosmindragomir.ro\/?s={search_term_string}\"},\"query-input\":{\"@type\":\"PropertyValueSpecification\",\"valueRequired\":true,\"valueName\":\"search_term_string\"}}],\"inLanguage\":\"ro-RO\"},{\"@type\":[\"Person\",\"Organization\"],\"@id\":\"https:\/\/cosmindragomir.ro\/#\/schema\/person\/fa5dfbff9a3c217f077eaada3362ebe0\",\"name\":\"Cosmin Dragomir\",\"image\":{\"@type\":\"ImageObject\",\"inLanguage\":\"ro-RO\",\"@id\":\"https:\/\/cosmindragomir.ro\/#\/schema\/person\/image\/\",\"url\":\"https:\/\/cosmindragomir.ro\/wp-content\/uploads\/2019\/06\/cropped-cropped-14610998_1103641976422462_2912219255401263028_n-1-1.jpg\",\"contentUrl\":\"https:\/\/cosmindragomir.ro\/wp-content\/uploads\/2019\/06\/cropped-cropped-14610998_1103641976422462_2912219255401263028_n-1-1.jpg\",\"width\":200,\"height\":200,\"caption\":\"Cosmin Dragomir\"},\"logo\":{\"@id\":\"https:\/\/cosmindragomir.ro\/#\/schema\/person\/image\/\"},\"sameAs\":[\"https:\/\/cosmindragomir.ro\",\"https:\/\/www.facebook.com\/cosmin.dragomir.12\",\"https:\/\/www.instagram.com\/cosmindragomir_gastroart\/\"],\"url\":\"https:\/\/cosmindragomir.ro\/ro\/author\/cosmind\/\"}]}<\/script>\n<!-- \/ Yoast SEO plugin. -->","yoast_head_json":{"title":"Degustare de sarmalele rom\u00e2ne\u0219ti \u0219i central europene al\u0103turi de vinuri de la Villa Vinea - Cosmin Dragomir","robots":{"index":"index","follow":"follow","max-snippet":"max-snippet:-1","max-image-preview":"max-image-preview:large","max-video-preview":"max-video-preview:-1"},"canonical":"https:\/\/cosmindragomir.ro\/ro\/2024\/07\/01\/degustare-de-sarmalele-romanesti-si-central-europene-alaturi-de-vinuri-de-la-villa-vinea\/","og_locale":"ro_RO","og_type":"article","og_title":"Degustare de sarmalele rom\u00e2ne\u0219ti \u0219i central europene al\u0103turi de vinuri de la Villa Vinea - Cosmin Dragomir","og_description":"Pe 10 iulie, la Corks Cozy Wine Bar din Bucure\u0219ti are loc o nou\u0103 degustare de sarmale curatoriat\u0103 de mine. Spre deosebire de prima edi\u021bie din acest an ca a avut loc \u00een prim\u0103var\u0103, la evenimentul de pe 10 iulie organizatorii v\u0103 propun alte cinci feluri de sarmale, descoperite de mine sau de al\u021bi c\u0103ut\u0103tori [&hellip;]","og_url":"https:\/\/cosmindragomir.ro\/ro\/2024\/07\/01\/degustare-de-sarmalele-romanesti-si-central-europene-alaturi-de-vinuri-de-la-villa-vinea\/","og_site_name":"Cosmin Dragomir","article_publisher":"https:\/\/www.facebook.com\/cosmin.dragomir.12","article_author":"https:\/\/www.facebook.com\/cosmin.dragomir.12","article_published_time":"2024-07-01T04:17:33+00:00","article_modified_time":"2024-07-01T04:17:35+00:00","og_image":[{"width":960,"height":503,"url":"https:\/\/cosmindragomir.ro\/wp-content\/uploads\/2024\/07\/449471947_1306584170630942_2963228655783587489_n-jpg.webp","type":"image\/jpeg"}],"author":"Cosmin Dragomir","twitter_card":"summary_large_image","twitter_misc":{"Scris de":"Cosmin Dragomir","Timp estimat pentru citire":"2 minute"},"schema":{"@context":"https:\/\/schema.org","@graph":[{"@type":"Article","@id":"https:\/\/cosmindragomir.ro\/2024\/07\/01\/degustare-de-sarmalele-romanesti-si-central-europene-alaturi-de-vinuri-de-la-villa-vinea\/#article","isPartOf":{"@id":"https:\/\/cosmindragomir.ro\/2024\/07\/01\/degustare-de-sarmalele-romanesti-si-central-europene-alaturi-de-vinuri-de-la-villa-vinea\/"},"author":{"name":"Cosmin Dragomir","@id":"https:\/\/cosmindragomir.ro\/#\/schema\/person\/fa5dfbff9a3c217f077eaada3362ebe0"},"headline":"Degustare de sarmalele rom\u00e2ne\u0219ti \u0219i central europene al\u0103turi de vinuri de la Villa Vinea","datePublished":"2024-07-01T04:17:33+00:00","dateModified":"2024-07-01T04:17:35+00:00","mainEntityOfPage":{"@id":"https:\/\/cosmindragomir.ro\/2024\/07\/01\/degustare-de-sarmalele-romanesti-si-central-europene-alaturi-de-vinuri-de-la-villa-vinea\/"},"wordCount":194,"commentCount":0,"publisher":{"@id":"https:\/\/cosmindragomir.ro\/#\/schema\/person\/fa5dfbff9a3c217f077eaada3362ebe0"},"image":{"@id":"https:\/\/cosmindragomir.ro\/2024\/07\/01\/degustare-de-sarmalele-romanesti-si-central-europene-alaturi-de-vinuri-de-la-villa-vinea\/#primaryimage"},"thumbnailUrl":"https:\/\/cosmindragomir.ro\/wp-content\/uploads\/2024\/07\/449471947_1306584170630942_2963228655783587489_n-jpg.webp","articleSection":["Enciclopedia Sarmalelor","general","\u0219tiri"],"inLanguage":"ro-RO","potentialAction":[{"@type":"CommentAction","name":"Comment","target":["https:\/\/cosmindragomir.ro\/2024\/07\/01\/degustare-de-sarmalele-romanesti-si-central-europene-alaturi-de-vinuri-de-la-villa-vinea\/#respond"]}]},{"@type":"WebPage","@id":"https:\/\/cosmindragomir.ro\/2024\/07\/01\/degustare-de-sarmalele-romanesti-si-central-europene-alaturi-de-vinuri-de-la-villa-vinea\/","url":"https:\/\/cosmindragomir.ro\/2024\/07\/01\/degustare-de-sarmalele-romanesti-si-central-europene-alaturi-de-vinuri-de-la-villa-vinea\/","name":"Degustare de sarmalele rom\u00e2ne\u0219ti \u0219i central europene al\u0103turi de vinuri de la Villa Vinea - Cosmin Dragomir","isPartOf":{"@id":"https:\/\/cosmindragomir.ro\/#website"},"primaryImageOfPage":{"@id":"https:\/\/cosmindragomir.ro\/2024\/07\/01\/degustare-de-sarmalele-romanesti-si-central-europene-alaturi-de-vinuri-de-la-villa-vinea\/#primaryimage"},"image":{"@id":"https:\/\/cosmindragomir.ro\/2024\/07\/01\/degustare-de-sarmalele-romanesti-si-central-europene-alaturi-de-vinuri-de-la-villa-vinea\/#primaryimage"},"thumbnailUrl":"https:\/\/cosmindragomir.ro\/wp-content\/uploads\/2024\/07\/449471947_1306584170630942_2963228655783587489_n-jpg.webp","datePublished":"2024-07-01T04:17:33+00:00","dateModified":"2024-07-01T04:17:35+00:00","breadcrumb":{"@id":"https:\/\/cosmindragomir.ro\/2024\/07\/01\/degustare-de-sarmalele-romanesti-si-central-europene-alaturi-de-vinuri-de-la-villa-vinea\/#breadcrumb"},"inLanguage":"ro-RO","potentialAction":[{"@type":"ReadAction","target":["https:\/\/cosmindragomir.ro\/2024\/07\/01\/degustare-de-sarmalele-romanesti-si-central-europene-alaturi-de-vinuri-de-la-villa-vinea\/"]}]},{"@type":"ImageObject","inLanguage":"ro-RO","@id":"https:\/\/cosmindragomir.ro\/2024\/07\/01\/degustare-de-sarmalele-romanesti-si-central-europene-alaturi-de-vinuri-de-la-villa-vinea\/#primaryimage","url":"https:\/\/cosmindragomir.ro\/wp-content\/uploads\/2024\/07\/449471947_1306584170630942_2963228655783587489_n-jpg.webp","contentUrl":"https:\/\/cosmindragomir.ro\/wp-content\/uploads\/2024\/07\/449471947_1306584170630942_2963228655783587489_n-jpg.webp","width":960,"height":503},{"@type":"BreadcrumbList","@id":"https:\/\/cosmindragomir.ro\/2024\/07\/01\/degustare-de-sarmalele-romanesti-si-central-europene-alaturi-de-vinuri-de-la-villa-vinea\/#breadcrumb","itemListElement":[{"@type":"ListItem","position":1,"name":"Home","item":"https:\/\/cosmindragomir.ro\/"},{"@type":"ListItem","position":2,"name":"Degustare de sarmalele rom\u00e2ne\u0219ti \u0219i central europene al\u0103turi de vinuri de la Villa Vinea"}]},{"@type":"WebSite","@id":"https:\/\/cosmindragomir.ro\/#website","url":"https:\/\/cosmindragomir.ro\/","name":"Cosmin Dragomir","description":"istorie pe p\u00e2ine","publisher":{"@id":"https:\/\/cosmindragomir.ro\/#\/schema\/person\/fa5dfbff9a3c217f077eaada3362ebe0"},"potentialAction":[{"@type":"SearchAction","target":{"@type":"EntryPoint","urlTemplate":"https:\/\/cosmindragomir.ro\/?s={search_term_string}"},"query-input":{"@type":"PropertyValueSpecification","valueRequired":true,"valueName":"search_term_string"}}],"inLanguage":"ro-RO"},{"@type":["Person","Organization"],"@id":"https:\/\/cosmindragomir.ro\/#\/schema\/person\/fa5dfbff9a3c217f077eaada3362ebe0","name":"Cosmin Dragomir","image":{"@type":"ImageObject","inLanguage":"ro-RO","@id":"https:\/\/cosmindragomir.ro\/#\/schema\/person\/image\/","url":"https:\/\/cosmindragomir.ro\/wp-content\/uploads\/2019\/06\/cropped-cropped-14610998_1103641976422462_2912219255401263028_n-1-1.jpg","contentUrl":"https:\/\/cosmindragomir.ro\/wp-content\/uploads\/2019\/06\/cropped-cropped-14610998_1103641976422462_2912219255401263028_n-1-1.jpg","width":200,"height":200,"caption":"Cosmin Dragomir"},"logo":{"@id":"https:\/\/cosmindragomir.ro\/#\/schema\/person\/image\/"},"sameAs":["https:\/\/cosmindragomir.ro","https:\/\/www.facebook.com\/cosmin.dragomir.12","https:\/\/www.instagram.com\/cosmindragomir_gastroart\/"],"url":"https:\/\/cosmindragomir.ro\/ro\/author\/cosmind\/"}]}},"_links":{"self":[{"href":"https:\/\/cosmindragomir.ro\/ro\/wp-json\/wp\/v2\/posts\/1560","targetHints":{"allow":["GET"]}}],"collection":[{"href":"https:\/\/cosmindragomir.ro\/ro\/wp-json\/wp\/v2\/posts"}],"about":[{"href":"https:\/\/cosmindragomir.ro\/ro\/wp-json\/wp\/v2\/types\/post"}],"author":[{"embeddable":true,"href":"https:\/\/cosmindragomir.ro\/ro\/wp-json\/wp\/v2\/users\/2"}],"replies":[{"embeddable":true,"href":"https:\/\/cosmindragomir.ro\/ro\/wp-json\/wp\/v2\/comments?post=1560"}],"version-history":[{"count":1,"href":"https:\/\/cosmindragomir.ro\/ro\/wp-json\/wp\/v2\/posts\/1560\/revisions"}],"predecessor-version":[{"id":1562,"href":"https:\/\/cosmindragomir.ro\/ro\/wp-json\/wp\/v2\/posts\/1560\/revisions\/1562"}],"wp:featuredmedia":[{"embeddable":true,"href":"https:\/\/cosmindragomir.ro\/ro\/wp-json\/wp\/v2\/media\/1561"}],"wp:attachment":[{"href":"https:\/\/cosmindragomir.ro\/ro\/wp-json\/wp\/v2\/media?parent=1560"}],"wp:term":[{"taxonomy":"category","embeddable":true,"href":"https:\/\/cosmindragomir.ro\/ro\/wp-json\/wp\/v2\/categories?post=1560"},{"taxonomy":"post_tag","embeddable":true,"href":"https:\/\/cosmindragomir.ro\/ro\/wp-json\/wp\/v2\/tags?post=1560"}],"curies":[{"name":"wp","href":"https:\/\/api.w.org\/{rel}","templated":true}]}}