{"id":1563,"date":"2024-07-04T13:06:29","date_gmt":"2024-07-04T10:06:29","guid":{"rendered":"https:\/\/cosmindragomir.ro\/?p=1563"},"modified":"2024-07-04T13:06:30","modified_gmt":"2024-07-04T10:06:30","slug":"amintiri-gustoase-podcastul-gastronomic-moderat-de-mine-ramane-lider-pe-segmentul-sau","status":"publish","type":"post","link":"https:\/\/cosmindragomir.ro\/ro\/2024\/07\/04\/amintiri-gustoase-podcastul-gastronomic-moderat-de-mine-ramane-lider-pe-segmentul-sau\/","title":{"rendered":"Amintiri gustoase, podcastul gastronomic moderat de mine r\u0103m\u00e2ne lider pe segmentul s\u0103u"},"content":{"rendered":"\n<ul class=\"wp-block-list\">\n<li><strong>Primul sezon din 2024 (al VII-lea \u00een total) al podcastului Amintiri Gustoase s-a \u00eencheiat cu m\u0103rturisirile gastronomice dezarmante ale scriitorului Radu Paraschivescu;<\/strong><\/li>\n\n\n\n<li><strong>Exper\u021bi \u0219i personalit\u0103\u021bi \u00eendr\u0103gite, precum Mihaela Sava (Pr\u0103jiturela), Chef Iosif \u0218tef\u0103nescu \u0219i Claudiu Teohari aka Teo, ne-au \u00eenc\u00e2ntat, de-a lungul sezonului, cu pove\u0219ti condimentate \u0219i pline de savoare;<\/strong><\/li>\n\n\n\n<li><strong>Amintiri Gustoase a avut \u00een acest sezon 32.000 de ascult\u0103tori \u0219i r\u0103m\u00e2ne cel mai urm\u0103rit \u0219i longeviv podcast culinar audio din Rom\u00e2nia.<\/strong><\/li>\n<\/ul>\n\n\n\n<figure class=\"wp-block-image alignwide size-full\"><img loading=\"lazy\" decoding=\"async\" width=\"640\" height=\"640\" src=\"https:\/\/cosmindragomir.ro\/wp-content\/uploads\/2024\/07\/amintiri-gust-jpeg.webp\" alt=\"\" class=\"wp-image-1564\" srcset=\"https:\/\/cosmindragomir.ro\/wp-content\/uploads\/2024\/07\/amintiri-gust-jpeg.webp 640w, https:\/\/cosmindragomir.ro\/wp-content\/uploads\/2024\/07\/amintiri-gust-300x300.webp 300w, https:\/\/cosmindragomir.ro\/wp-content\/uploads\/2024\/07\/amintiri-gust-150x150.webp 150w, https:\/\/cosmindragomir.ro\/wp-content\/uploads\/2024\/07\/amintiri-gust-12x12.webp 12w, https:\/\/cosmindragomir.ro\/wp-content\/uploads\/2024\/07\/amintiri-gust-600x600.webp 600w\" sizes=\"auto, (max-width: 640px) 100vw, 640px\" \/><\/figure>\n\n\n\n<p>Podcastul Amintiri Gustoase, parte din platforma cultural\u0103 Cronicari Digitali, \u00eencheie sezonul 1 din 2024, \u00een care invita\u021bi de marc\u0103 s-au aflat \u00een c\u0103utarea identit\u0103\u021bii m\u00e2nc\u0103rurilor rom\u00e2ne\u0219ti, prin discu\u021bii savuroase, pline de sare \u0219i piper, spre deliciul a peste 30.000 de ascult\u0103tori.<\/p>\n\n\n\n<p>\u00cen sezonul recent \u00eencheiat, timp de 11 episoade difuzate \u00een fiecare vineri, din 19 aprilie p\u00e2n\u0103 pe 28 iunie, istoricul culinar Cosmin Dragomir, gazd\u0103 experimentat\u0103 a podcastului, a descoperit re\u021bete \u00eembietoare \u0219i pove\u0219ti \u00eenc\u00e2nt\u0103toare, al\u0103turi de oameni de neuitat.<\/p>\n\n\n\n<p>Podcastul Amintiri Gustoase a ajuns \u00een c\u0103\u0219tile \u0219i \u00een buc\u0103t\u0103riile noastre cu sus\u021binerea Carrefour Romania si Electrolux Romania.<\/p>\n\n\n\n<p><em>\u201ePentru mine gastronomia a fost \u0219i este exploratorie, nu doar constatatoare. Acesta este \u0219i motivul pentru care cel mai recent sezon de podcast abordeaz\u0103 gastronomia, prin intermediul invita\u021bilor, c\u0103rora le mul\u021bumesc \u00eenc\u0103 o dat\u0103 \u0219i pe aceast\u0103 cale, \u0219i din alte unghiuri, nu doar al celor care fac m\u00e2ncarea. \u00cen aceast\u0103 jum\u0103tate de an am \u021binut mai ap\u0103sat pedala insolitului. \u0218i cred c\u0103 decizia a fost corect\u0103. Cred \u00een gastronomie ca poveste f\u0103r\u0103 s\u0103 \u00eei ignor utilitatea practic\u0103. Ador istorisirile alternate cu know-how \u0219i sper c\u0103 \u00eentreb\u0103rile adresate invita\u021bilor au deschis aceast\u0103 direc\u021bie. Abia a\u0219tept toamna ca s\u0103 ne reauzim. Am \u00een fa\u021b\u0103 o list\u0103 de poten\u021biali invita\u021bi care \u00eemi sun\u0103 tare bine, dar din p\u0103cate nu o pot dezv\u0103lui. Nu v\u0103 r\u0103m\u00e2ne dec\u00e2t s\u0103 \u00eei descoperi\u021bi singuri \u0219i sper c\u0103 o s\u0103 v\u0103 fac\u0103 pl\u0103cere. V\u0103 mul\u021bumesc c\u0103 ne asculta\u021bi \u00een num\u0103r at\u00e2t de mare \u0219i, ca de fiecare dat\u0103, v\u0103 urez ca p\u00e2n\u0103 la urm\u0103torul episod s\u0103 ave\u021bi parte de nenum\u0103rate momente fericite care s\u0103 se transforme \u00een #amintirigustoase\u201d<\/em>, a declarat istoricul culinar Cosmin Dragomir, moderatorul podcastului.<em><\/em><\/p>\n\n\n\n<h2 class=\"wp-block-heading\"><strong>Sezonul 1, 2024, podcastul Amintiri Gustoase: chefs, comedian\u021bi, preo\u021bi, scriitori sau creatori de con\u021binut exploreaz\u0103 valen\u021bele m\u00e2nc\u0103rurilor<\/strong><strong><\/strong><\/h2>\n\n\n\n<p>Mihaela Sava (Pr\u0103jiturela), Chef Iosif \u0218tef\u0103nescu, preotul Adrian Asachi, Carmina Ni\u021bescu, Claudiu Teohari (TEO stand-up), Ovidiu \u021aig\u0103nu\u0219 (B\u0103rbosu\u2019), Daniela Niculi, Alina Iancu, Georgiana Ilie, Alexandra &amp; C\u0103t\u0103lin Cincu \u0219i scriitorul Radu Paraschivescu au fost invita\u021bii sezonului recent \u00eencheiat al podcastului Amintiri Gustoase.<\/p>\n\n\n\n<p><em>\u201eCiorba de burt\u0103 nu-mi place, de\u0219i am m\u00e2ncat de c\u00e2teva ori. Nu-mi place. \u0218i eu m-am fandosit \u00een fel \u0219i chip. Am zis: nu vreau \u0219osete flau\u0219ate \u00een ciorb\u0103, nu vreau buc\u0103\u021bi de prosop. Nu e tipul meu preferat de textur\u0103 lichid\u0103, dar am m\u00e2ncat de c\u00e2teva ori. De trei-patru ori \u00een via\u021b\u0103 oi fi m\u00e2ncat. Nu m-am \u00eendr\u0103gostit de ea\u201d<\/em>, a povestit Radu Paraschivescu, \u00een ultimul episod al sezonului.<\/p>\n\n\n\n<p>Aproximativ 30.000 de ascult\u0103tori s-au bucurat de episoadele primului sezon din 2024 al podcastului. Cei mai mul\u021bi dintre ei au ascultat Amintiri Gustoase pe Spotify (peste 40%) \u0219i pe Apple Podcasts (peste 24%).<\/p>\n\n\n\n<p>Mai mult dec\u00e2t at\u00e2t, podcastul a avut ascult\u0103tori nu doar din Rom\u00e2nia, ci \u0219i din SUA, Germania, Marea Britanie, Spania, Canada, Belgia sau \u021a\u0103rile de Jos.<\/p>\n\n\n\n<p>Amintiri Gustoase a devenit platforma special\u0103 de comunicare a pasiona\u021bilor de gastronomie, a adunat \u00een jurul s\u0103u o \u00eentreag\u0103 comunitate \u0219i r\u0103m\u00e2ne unul dintre cele mai urm\u0103rite podcasturi culinare din Rom\u00e2nia.<\/p>\n\n\n\n<p>Urm\u0103ri\u021bi podcastul pe <a href=\"https:\/\/podcasts.apple.com\/ro\/podcast\/amintiri-gustoase\/id1685319504\">https:\/\/podcasts.apple.com\/ro\/podcast\/amintiri-gustoase\/id1685319504<\/a> \u0219i pe <a href=\"https:\/\/open.spotify.com\/show\/3RjumVtvhXlIrf9exYo334\">https:\/\/open.spotify.com\/show\/3RjumVtvhXlIrf9exYo334<\/a>.<\/p>\n","protected":false},"excerpt":{"rendered":"<p>Podcastul Amintiri Gustoase, parte din platforma cultural\u0103 Cronicari Digitali, \u00eencheie sezonul 1 din 2024, \u00een care invita\u021bi de marc\u0103 s-au aflat \u00een c\u0103utarea identit\u0103\u021bii m\u00e2nc\u0103rurilor rom\u00e2ne\u0219ti, prin discu\u021bii savuroase, pline de sare \u0219i piper, spre deliciul a peste 30.000 de ascult\u0103tori. \u00cen sezonul recent \u00eencheiat, timp de 11 episoade difuzate \u00een fiecare vineri, din 19 [&hellip;]<\/p>\n","protected":false},"author":2,"featured_media":1564,"comment_status":"open","ping_status":"open","sticky":false,"template":"","format":"standard","meta":{"footnotes":""},"categories":[1,27],"tags":[],"class_list":["post-1563","post","type-post","status-publish","format-standard","has-post-thumbnail","hentry","category-general","category-stiri"],"yoast_head":"<!-- This site is optimized with the Yoast SEO plugin v23.4 - https:\/\/yoast.com\/wordpress\/plugins\/seo\/ -->\n<title>Amintiri gustoase, podcastul gastronomic moderat de mine r\u0103m\u00e2ne lider pe segmentul s\u0103u - Cosmin Dragomir<\/title>\n<meta name=\"robots\" content=\"index, follow, max-snippet:-1, max-image-preview:large, max-video-preview:-1\" \/>\n<link rel=\"canonical\" href=\"https:\/\/cosmindragomir.ro\/ro\/2024\/07\/04\/amintiri-gustoase-podcastul-gastronomic-moderat-de-mine-ramane-lider-pe-segmentul-sau\/\" \/>\n<meta property=\"og:locale\" content=\"ro_RO\" \/>\n<meta property=\"og:type\" content=\"article\" \/>\n<meta property=\"og:title\" content=\"Amintiri gustoase, podcastul gastronomic moderat de mine r\u0103m\u00e2ne lider pe segmentul s\u0103u - Cosmin Dragomir\" \/>\n<meta property=\"og:description\" content=\"Podcastul Amintiri Gustoase, parte din platforma cultural\u0103 Cronicari Digitali, \u00eencheie sezonul 1 din 2024, \u00een care invita\u021bi de marc\u0103 s-au aflat \u00een c\u0103utarea identit\u0103\u021bii m\u00e2nc\u0103rurilor rom\u00e2ne\u0219ti, prin discu\u021bii savuroase, pline de sare \u0219i piper, spre deliciul a peste 30.000 de ascult\u0103tori. \u00cen sezonul recent \u00eencheiat, timp de 11 episoade difuzate \u00een fiecare vineri, din 19 [&hellip;]\" \/>\n<meta property=\"og:url\" content=\"https:\/\/cosmindragomir.ro\/ro\/2024\/07\/04\/amintiri-gustoase-podcastul-gastronomic-moderat-de-mine-ramane-lider-pe-segmentul-sau\/\" \/>\n<meta property=\"og:site_name\" content=\"Cosmin Dragomir\" \/>\n<meta property=\"article:publisher\" content=\"https:\/\/www.facebook.com\/cosmin.dragomir.12\" \/>\n<meta property=\"article:author\" content=\"https:\/\/www.facebook.com\/cosmin.dragomir.12\" \/>\n<meta property=\"article:published_time\" content=\"2024-07-04T10:06:29+00:00\" \/>\n<meta property=\"article:modified_time\" content=\"2024-07-04T10:06:30+00:00\" \/>\n<meta property=\"og:image\" content=\"https:\/\/cosmindragomir.ro\/wp-content\/uploads\/2024\/07\/amintiri-gust-jpeg.webp\" \/>\n\t<meta property=\"og:image:width\" content=\"640\" \/>\n\t<meta property=\"og:image:height\" content=\"640\" \/>\n\t<meta property=\"og:image:type\" content=\"image\/jpeg\" \/>\n<meta name=\"author\" content=\"Cosmin Dragomir\" \/>\n<meta name=\"twitter:card\" content=\"summary_large_image\" \/>\n<meta name=\"twitter:label1\" content=\"Scris de\" \/>\n\t<meta name=\"twitter:data1\" content=\"Cosmin Dragomir\" \/>\n\t<meta name=\"twitter:label2\" content=\"Timp estimat pentru citire\" \/>\n\t<meta name=\"twitter:data2\" content=\"3 minute\" \/>\n<script type=\"application\/ld+json\" class=\"yoast-schema-graph\">{\"@context\":\"https:\/\/schema.org\",\"@graph\":[{\"@type\":\"Article\",\"@id\":\"https:\/\/cosmindragomir.ro\/2024\/07\/04\/amintiri-gustoase-podcastul-gastronomic-moderat-de-mine-ramane-lider-pe-segmentul-sau\/#article\",\"isPartOf\":{\"@id\":\"https:\/\/cosmindragomir.ro\/2024\/07\/04\/amintiri-gustoase-podcastul-gastronomic-moderat-de-mine-ramane-lider-pe-segmentul-sau\/\"},\"author\":{\"name\":\"Cosmin Dragomir\",\"@id\":\"https:\/\/cosmindragomir.ro\/#\/schema\/person\/fa5dfbff9a3c217f077eaada3362ebe0\"},\"headline\":\"Amintiri gustoase, podcastul gastronomic moderat de mine r\u0103m\u00e2ne lider pe segmentul s\u0103u\",\"datePublished\":\"2024-07-04T10:06:29+00:00\",\"dateModified\":\"2024-07-04T10:06:30+00:00\",\"mainEntityOfPage\":{\"@id\":\"https:\/\/cosmindragomir.ro\/2024\/07\/04\/amintiri-gustoase-podcastul-gastronomic-moderat-de-mine-ramane-lider-pe-segmentul-sau\/\"},\"wordCount\":686,\"commentCount\":0,\"publisher\":{\"@id\":\"https:\/\/cosmindragomir.ro\/#\/schema\/person\/fa5dfbff9a3c217f077eaada3362ebe0\"},\"image\":{\"@id\":\"https:\/\/cosmindragomir.ro\/2024\/07\/04\/amintiri-gustoase-podcastul-gastronomic-moderat-de-mine-ramane-lider-pe-segmentul-sau\/#primaryimage\"},\"thumbnailUrl\":\"https:\/\/cosmindragomir.ro\/wp-content\/uploads\/2024\/07\/amintiri-gust-jpeg.webp\",\"articleSection\":[\"general\",\"\u0219tiri\"],\"inLanguage\":\"ro-RO\",\"potentialAction\":[{\"@type\":\"CommentAction\",\"name\":\"Comment\",\"target\":[\"https:\/\/cosmindragomir.ro\/2024\/07\/04\/amintiri-gustoase-podcastul-gastronomic-moderat-de-mine-ramane-lider-pe-segmentul-sau\/#respond\"]}]},{\"@type\":\"WebPage\",\"@id\":\"https:\/\/cosmindragomir.ro\/2024\/07\/04\/amintiri-gustoase-podcastul-gastronomic-moderat-de-mine-ramane-lider-pe-segmentul-sau\/\",\"url\":\"https:\/\/cosmindragomir.ro\/2024\/07\/04\/amintiri-gustoase-podcastul-gastronomic-moderat-de-mine-ramane-lider-pe-segmentul-sau\/\",\"name\":\"Amintiri gustoase, podcastul gastronomic moderat de mine r\u0103m\u00e2ne lider pe segmentul s\u0103u - Cosmin Dragomir\",\"isPartOf\":{\"@id\":\"https:\/\/cosmindragomir.ro\/#website\"},\"primaryImageOfPage\":{\"@id\":\"https:\/\/cosmindragomir.ro\/2024\/07\/04\/amintiri-gustoase-podcastul-gastronomic-moderat-de-mine-ramane-lider-pe-segmentul-sau\/#primaryimage\"},\"image\":{\"@id\":\"https:\/\/cosmindragomir.ro\/2024\/07\/04\/amintiri-gustoase-podcastul-gastronomic-moderat-de-mine-ramane-lider-pe-segmentul-sau\/#primaryimage\"},\"thumbnailUrl\":\"https:\/\/cosmindragomir.ro\/wp-content\/uploads\/2024\/07\/amintiri-gust-jpeg.webp\",\"datePublished\":\"2024-07-04T10:06:29+00:00\",\"dateModified\":\"2024-07-04T10:06:30+00:00\",\"breadcrumb\":{\"@id\":\"https:\/\/cosmindragomir.ro\/2024\/07\/04\/amintiri-gustoase-podcastul-gastronomic-moderat-de-mine-ramane-lider-pe-segmentul-sau\/#breadcrumb\"},\"inLanguage\":\"ro-RO\",\"potentialAction\":[{\"@type\":\"ReadAction\",\"target\":[\"https:\/\/cosmindragomir.ro\/2024\/07\/04\/amintiri-gustoase-podcastul-gastronomic-moderat-de-mine-ramane-lider-pe-segmentul-sau\/\"]}]},{\"@type\":\"ImageObject\",\"inLanguage\":\"ro-RO\",\"@id\":\"https:\/\/cosmindragomir.ro\/2024\/07\/04\/amintiri-gustoase-podcastul-gastronomic-moderat-de-mine-ramane-lider-pe-segmentul-sau\/#primaryimage\",\"url\":\"https:\/\/cosmindragomir.ro\/wp-content\/uploads\/2024\/07\/amintiri-gust-jpeg.webp\",\"contentUrl\":\"https:\/\/cosmindragomir.ro\/wp-content\/uploads\/2024\/07\/amintiri-gust-jpeg.webp\",\"width\":640,\"height\":640},{\"@type\":\"BreadcrumbList\",\"@id\":\"https:\/\/cosmindragomir.ro\/2024\/07\/04\/amintiri-gustoase-podcastul-gastronomic-moderat-de-mine-ramane-lider-pe-segmentul-sau\/#breadcrumb\",\"itemListElement\":[{\"@type\":\"ListItem\",\"position\":1,\"name\":\"Home\",\"item\":\"https:\/\/cosmindragomir.ro\/\"},{\"@type\":\"ListItem\",\"position\":2,\"name\":\"Amintiri gustoase, podcastul gastronomic moderat de mine r\u0103m\u00e2ne lider pe segmentul s\u0103u\"}]},{\"@type\":\"WebSite\",\"@id\":\"https:\/\/cosmindragomir.ro\/#website\",\"url\":\"https:\/\/cosmindragomir.ro\/\",\"name\":\"Cosmin Dragomir\",\"description\":\"istorie pe p\u00e2ine\",\"publisher\":{\"@id\":\"https:\/\/cosmindragomir.ro\/#\/schema\/person\/fa5dfbff9a3c217f077eaada3362ebe0\"},\"potentialAction\":[{\"@type\":\"SearchAction\",\"target\":{\"@type\":\"EntryPoint\",\"urlTemplate\":\"https:\/\/cosmindragomir.ro\/?s={search_term_string}\"},\"query-input\":{\"@type\":\"PropertyValueSpecification\",\"valueRequired\":true,\"valueName\":\"search_term_string\"}}],\"inLanguage\":\"ro-RO\"},{\"@type\":[\"Person\",\"Organization\"],\"@id\":\"https:\/\/cosmindragomir.ro\/#\/schema\/person\/fa5dfbff9a3c217f077eaada3362ebe0\",\"name\":\"Cosmin Dragomir\",\"image\":{\"@type\":\"ImageObject\",\"inLanguage\":\"ro-RO\",\"@id\":\"https:\/\/cosmindragomir.ro\/#\/schema\/person\/image\/\",\"url\":\"https:\/\/cosmindragomir.ro\/wp-content\/uploads\/2019\/06\/cropped-cropped-14610998_1103641976422462_2912219255401263028_n-1-1.jpg\",\"contentUrl\":\"https:\/\/cosmindragomir.ro\/wp-content\/uploads\/2019\/06\/cropped-cropped-14610998_1103641976422462_2912219255401263028_n-1-1.jpg\",\"width\":200,\"height\":200,\"caption\":\"Cosmin Dragomir\"},\"logo\":{\"@id\":\"https:\/\/cosmindragomir.ro\/#\/schema\/person\/image\/\"},\"sameAs\":[\"https:\/\/cosmindragomir.ro\",\"https:\/\/www.facebook.com\/cosmin.dragomir.12\",\"https:\/\/www.instagram.com\/cosmindragomir_gastroart\/\"],\"url\":\"https:\/\/cosmindragomir.ro\/ro\/author\/cosmind\/\"}]}<\/script>\n<!-- \/ Yoast SEO plugin. -->","yoast_head_json":{"title":"Amintiri gustoase, podcastul gastronomic moderat de mine r\u0103m\u00e2ne lider pe segmentul s\u0103u - Cosmin Dragomir","robots":{"index":"index","follow":"follow","max-snippet":"max-snippet:-1","max-image-preview":"max-image-preview:large","max-video-preview":"max-video-preview:-1"},"canonical":"https:\/\/cosmindragomir.ro\/ro\/2024\/07\/04\/amintiri-gustoase-podcastul-gastronomic-moderat-de-mine-ramane-lider-pe-segmentul-sau\/","og_locale":"ro_RO","og_type":"article","og_title":"Amintiri gustoase, podcastul gastronomic moderat de mine r\u0103m\u00e2ne lider pe segmentul s\u0103u - Cosmin Dragomir","og_description":"Podcastul Amintiri Gustoase, parte din platforma cultural\u0103 Cronicari Digitali, \u00eencheie sezonul 1 din 2024, \u00een care invita\u021bi de marc\u0103 s-au aflat \u00een c\u0103utarea identit\u0103\u021bii m\u00e2nc\u0103rurilor rom\u00e2ne\u0219ti, prin discu\u021bii savuroase, pline de sare \u0219i piper, spre deliciul a peste 30.000 de ascult\u0103tori. \u00cen sezonul recent \u00eencheiat, timp de 11 episoade difuzate \u00een fiecare vineri, din 19 [&hellip;]","og_url":"https:\/\/cosmindragomir.ro\/ro\/2024\/07\/04\/amintiri-gustoase-podcastul-gastronomic-moderat-de-mine-ramane-lider-pe-segmentul-sau\/","og_site_name":"Cosmin Dragomir","article_publisher":"https:\/\/www.facebook.com\/cosmin.dragomir.12","article_author":"https:\/\/www.facebook.com\/cosmin.dragomir.12","article_published_time":"2024-07-04T10:06:29+00:00","article_modified_time":"2024-07-04T10:06:30+00:00","og_image":[{"width":640,"height":640,"url":"https:\/\/cosmindragomir.ro\/wp-content\/uploads\/2024\/07\/amintiri-gust-jpeg.webp","type":"image\/jpeg"}],"author":"Cosmin Dragomir","twitter_card":"summary_large_image","twitter_misc":{"Scris de":"Cosmin Dragomir","Timp estimat pentru citire":"3 minute"},"schema":{"@context":"https:\/\/schema.org","@graph":[{"@type":"Article","@id":"https:\/\/cosmindragomir.ro\/2024\/07\/04\/amintiri-gustoase-podcastul-gastronomic-moderat-de-mine-ramane-lider-pe-segmentul-sau\/#article","isPartOf":{"@id":"https:\/\/cosmindragomir.ro\/2024\/07\/04\/amintiri-gustoase-podcastul-gastronomic-moderat-de-mine-ramane-lider-pe-segmentul-sau\/"},"author":{"name":"Cosmin Dragomir","@id":"https:\/\/cosmindragomir.ro\/#\/schema\/person\/fa5dfbff9a3c217f077eaada3362ebe0"},"headline":"Amintiri gustoase, podcastul gastronomic moderat de mine r\u0103m\u00e2ne lider pe segmentul s\u0103u","datePublished":"2024-07-04T10:06:29+00:00","dateModified":"2024-07-04T10:06:30+00:00","mainEntityOfPage":{"@id":"https:\/\/cosmindragomir.ro\/2024\/07\/04\/amintiri-gustoase-podcastul-gastronomic-moderat-de-mine-ramane-lider-pe-segmentul-sau\/"},"wordCount":686,"commentCount":0,"publisher":{"@id":"https:\/\/cosmindragomir.ro\/#\/schema\/person\/fa5dfbff9a3c217f077eaada3362ebe0"},"image":{"@id":"https:\/\/cosmindragomir.ro\/2024\/07\/04\/amintiri-gustoase-podcastul-gastronomic-moderat-de-mine-ramane-lider-pe-segmentul-sau\/#primaryimage"},"thumbnailUrl":"https:\/\/cosmindragomir.ro\/wp-content\/uploads\/2024\/07\/amintiri-gust-jpeg.webp","articleSection":["general","\u0219tiri"],"inLanguage":"ro-RO","potentialAction":[{"@type":"CommentAction","name":"Comment","target":["https:\/\/cosmindragomir.ro\/2024\/07\/04\/amintiri-gustoase-podcastul-gastronomic-moderat-de-mine-ramane-lider-pe-segmentul-sau\/#respond"]}]},{"@type":"WebPage","@id":"https:\/\/cosmindragomir.ro\/2024\/07\/04\/amintiri-gustoase-podcastul-gastronomic-moderat-de-mine-ramane-lider-pe-segmentul-sau\/","url":"https:\/\/cosmindragomir.ro\/2024\/07\/04\/amintiri-gustoase-podcastul-gastronomic-moderat-de-mine-ramane-lider-pe-segmentul-sau\/","name":"Amintiri gustoase, podcastul gastronomic moderat de mine r\u0103m\u00e2ne lider pe segmentul s\u0103u - Cosmin Dragomir","isPartOf":{"@id":"https:\/\/cosmindragomir.ro\/#website"},"primaryImageOfPage":{"@id":"https:\/\/cosmindragomir.ro\/2024\/07\/04\/amintiri-gustoase-podcastul-gastronomic-moderat-de-mine-ramane-lider-pe-segmentul-sau\/#primaryimage"},"image":{"@id":"https:\/\/cosmindragomir.ro\/2024\/07\/04\/amintiri-gustoase-podcastul-gastronomic-moderat-de-mine-ramane-lider-pe-segmentul-sau\/#primaryimage"},"thumbnailUrl":"https:\/\/cosmindragomir.ro\/wp-content\/uploads\/2024\/07\/amintiri-gust-jpeg.webp","datePublished":"2024-07-04T10:06:29+00:00","dateModified":"2024-07-04T10:06:30+00:00","breadcrumb":{"@id":"https:\/\/cosmindragomir.ro\/2024\/07\/04\/amintiri-gustoase-podcastul-gastronomic-moderat-de-mine-ramane-lider-pe-segmentul-sau\/#breadcrumb"},"inLanguage":"ro-RO","potentialAction":[{"@type":"ReadAction","target":["https:\/\/cosmindragomir.ro\/2024\/07\/04\/amintiri-gustoase-podcastul-gastronomic-moderat-de-mine-ramane-lider-pe-segmentul-sau\/"]}]},{"@type":"ImageObject","inLanguage":"ro-RO","@id":"https:\/\/cosmindragomir.ro\/2024\/07\/04\/amintiri-gustoase-podcastul-gastronomic-moderat-de-mine-ramane-lider-pe-segmentul-sau\/#primaryimage","url":"https:\/\/cosmindragomir.ro\/wp-content\/uploads\/2024\/07\/amintiri-gust-jpeg.webp","contentUrl":"https:\/\/cosmindragomir.ro\/wp-content\/uploads\/2024\/07\/amintiri-gust-jpeg.webp","width":640,"height":640},{"@type":"BreadcrumbList","@id":"https:\/\/cosmindragomir.ro\/2024\/07\/04\/amintiri-gustoase-podcastul-gastronomic-moderat-de-mine-ramane-lider-pe-segmentul-sau\/#breadcrumb","itemListElement":[{"@type":"ListItem","position":1,"name":"Home","item":"https:\/\/cosmindragomir.ro\/"},{"@type":"ListItem","position":2,"name":"Amintiri gustoase, podcastul gastronomic moderat de mine r\u0103m\u00e2ne lider pe segmentul s\u0103u"}]},{"@type":"WebSite","@id":"https:\/\/cosmindragomir.ro\/#website","url":"https:\/\/cosmindragomir.ro\/","name":"Cosmin Dragomir","description":"istorie pe p\u00e2ine","publisher":{"@id":"https:\/\/cosmindragomir.ro\/#\/schema\/person\/fa5dfbff9a3c217f077eaada3362ebe0"},"potentialAction":[{"@type":"SearchAction","target":{"@type":"EntryPoint","urlTemplate":"https:\/\/cosmindragomir.ro\/?s={search_term_string}"},"query-input":{"@type":"PropertyValueSpecification","valueRequired":true,"valueName":"search_term_string"}}],"inLanguage":"ro-RO"},{"@type":["Person","Organization"],"@id":"https:\/\/cosmindragomir.ro\/#\/schema\/person\/fa5dfbff9a3c217f077eaada3362ebe0","name":"Cosmin Dragomir","image":{"@type":"ImageObject","inLanguage":"ro-RO","@id":"https:\/\/cosmindragomir.ro\/#\/schema\/person\/image\/","url":"https:\/\/cosmindragomir.ro\/wp-content\/uploads\/2019\/06\/cropped-cropped-14610998_1103641976422462_2912219255401263028_n-1-1.jpg","contentUrl":"https:\/\/cosmindragomir.ro\/wp-content\/uploads\/2019\/06\/cropped-cropped-14610998_1103641976422462_2912219255401263028_n-1-1.jpg","width":200,"height":200,"caption":"Cosmin Dragomir"},"logo":{"@id":"https:\/\/cosmindragomir.ro\/#\/schema\/person\/image\/"},"sameAs":["https:\/\/cosmindragomir.ro","https:\/\/www.facebook.com\/cosmin.dragomir.12","https:\/\/www.instagram.com\/cosmindragomir_gastroart\/"],"url":"https:\/\/cosmindragomir.ro\/ro\/author\/cosmind\/"}]}},"_links":{"self":[{"href":"https:\/\/cosmindragomir.ro\/ro\/wp-json\/wp\/v2\/posts\/1563","targetHints":{"allow":["GET"]}}],"collection":[{"href":"https:\/\/cosmindragomir.ro\/ro\/wp-json\/wp\/v2\/posts"}],"about":[{"href":"https:\/\/cosmindragomir.ro\/ro\/wp-json\/wp\/v2\/types\/post"}],"author":[{"embeddable":true,"href":"https:\/\/cosmindragomir.ro\/ro\/wp-json\/wp\/v2\/users\/2"}],"replies":[{"embeddable":true,"href":"https:\/\/cosmindragomir.ro\/ro\/wp-json\/wp\/v2\/comments?post=1563"}],"version-history":[{"count":1,"href":"https:\/\/cosmindragomir.ro\/ro\/wp-json\/wp\/v2\/posts\/1563\/revisions"}],"predecessor-version":[{"id":1565,"href":"https:\/\/cosmindragomir.ro\/ro\/wp-json\/wp\/v2\/posts\/1563\/revisions\/1565"}],"wp:featuredmedia":[{"embeddable":true,"href":"https:\/\/cosmindragomir.ro\/ro\/wp-json\/wp\/v2\/media\/1564"}],"wp:attachment":[{"href":"https:\/\/cosmindragomir.ro\/ro\/wp-json\/wp\/v2\/media?parent=1563"}],"wp:term":[{"taxonomy":"category","embeddable":true,"href":"https:\/\/cosmindragomir.ro\/ro\/wp-json\/wp\/v2\/categories?post=1563"},{"taxonomy":"post_tag","embeddable":true,"href":"https:\/\/cosmindragomir.ro\/ro\/wp-json\/wp\/v2\/tags?post=1563"}],"curies":[{"name":"wp","href":"https:\/\/api.w.org\/{rel}","templated":true}]}}