{"id":1582,"date":"2024-09-02T07:15:04","date_gmt":"2024-09-02T04:15:04","guid":{"rendered":"https:\/\/cosmindragomir.ro\/?p=1582"},"modified":"2024-09-03T09:21:24","modified_gmt":"2024-09-03T06:21:24","slug":"19-septembrie-prima-conferinta-din-seria-gastronomia-cu-bune-cu-rele","status":"publish","type":"post","link":"https:\/\/cosmindragomir.ro\/ro\/2024\/09\/02\/19-septembrie-prima-conferinta-din-seria-gastronomia-cu-bune-cu-rele\/","title":{"rendered":"19 septembrie, prima conferin\u021b\u0103 din seria Gastronomia cu bune, cu rele"},"content":{"rendered":"\n<p>O revolu\u021bie \u00een ceea ce prive\u0219te \u201cNoua ospitalitate rom\u00e2neasc\u0103\u201d, un nou mod de g\u00e2ndire &#8211; pentru inovare, identificare de noi produse, servicii \u0219i proiecte pentru turism, industria alimentar\u0103 \u0219i HoReCa din Rom\u00e2nia &#8211; acesta este scopul forumului permanent de dezbateri \u0219i discu\u021bii \u201cGastronomia &#8211; cu bune, cu rele\u201d, lansat pe 19 septembrie 2024 de platforma <a href=\"https:\/\/weareromania.com\/\">WeAreRomania \/ YOU ARE WELCOME<\/a>! sub sloganul partenerului de start al programului, Holdingul Agricola: \u201cCine m\u0103n\u00e2nc\u0103 \u00eempreun\u0103, r\u0103m\u00e2ne \u00eempreun\u0103\u201d. Al\u0103turi de <a href=\"https:\/\/agricola.ro\/\" target=\"_blank\" rel=\"noreferrer noopener\">Agricola<\/a>, sus\u021bin\u0103tori f\u0103r\u0103 de care edi\u021bia inaugural\u0103 nu ar fi putut avea loc sunt <a href=\"https:\/\/www.eisberg.ro\/\">Eisberg<\/a>, <a href=\"https:\/\/tazz.ro\/\">Tazz<\/a>, <a href=\"https:\/\/www.facebook.com\/livrarilegume\">Teamfresh Horeca<\/a> \u0219i <a href=\"https:\/\/www.foodandglory.com\/\">Food &amp; Glory<\/a>.<\/p>\n\n\n\n<figure class=\"wp-block-image alignwide size-large\"><img loading=\"lazy\" decoding=\"async\" width=\"1024\" height=\"538\" src=\"https:\/\/cosmindragomir.ro\/wp-content\/uploads\/2024\/09\/cover-2-1024x538.webp\" alt=\"\" class=\"wp-image-1586\" srcset=\"https:\/\/cosmindragomir.ro\/wp-content\/uploads\/2024\/09\/cover-2-1024x538.webp 1024w, https:\/\/cosmindragomir.ro\/wp-content\/uploads\/2024\/09\/cover-2-300x158.webp 300w, https:\/\/cosmindragomir.ro\/wp-content\/uploads\/2024\/09\/cover-2-768x403.webp 768w, https:\/\/cosmindragomir.ro\/wp-content\/uploads\/2024\/09\/cover-2-1536x806.webp 1536w, https:\/\/cosmindragomir.ro\/wp-content\/uploads\/2024\/09\/cover-2-18x9.webp 18w, https:\/\/cosmindragomir.ro\/wp-content\/uploads\/2024\/09\/cover-2-600x315.webp 600w, https:\/\/cosmindragomir.ro\/wp-content\/uploads\/2024\/09\/cover-2-jpeg.webp 1600w\" sizes=\"auto, (max-width: 1024px) 100vw, 1024px\" \/><\/figure>\n\n\n\n<p>Reprezentan\u021bi ai mediului academic, scriitori, sociologi, arti\u0219ti, publicitari \u0219i publici\u0219ti, ca \u0219i reprezentan\u021bi ai mediului HoReCa, sunt invita\u021bi lunar pe scena conferin\u021belor de la restaurantul La Mama &#8211; Clubul \u021a\u0103ranului Rom\u00e2n, pentru a extrage solu\u021bii utile dezvolt\u0103rii ospitalit\u0103\u021bii \u0219i produc\u021biei alimentare din istoria, tradi\u021biile \u0219i condi\u021biile actuale ale Rom\u00e2niei. Conferin\u021bele vor fi transmise live \u0219i documentate audio-video pe principalele platforme de socializare, pentru a produce efecte \u00een r\u00e2ndul opiniei publice interesate.<\/p>\n\n\n\n<h2 class=\"wp-block-heading\">\u201cLa mintea coco\u0219ului\u201d &#8211; \u0219i nu chiar!<\/h2>\n\n\n\n<p>\u201cTema de start, punctul de pornire \u00een acest demers, este \u00eentrebarea menit\u0103 s\u0103 ne pozi\u021bioneze \u0219i s\u0103 ne diferen\u021bieze identitar \u0219i s\u0103 ne ofere solu\u021bii practice: Cine \u0219i ce suntem noi, rom\u00e2nii, pe harta geografic\u0103, istoric\u0103 \u0219i cultural\u0103 a lumii?\u201d, a declarat scriitorul \u0219i jurnalistul de gastronomie Cosmin Dragomir, ini\u021biator al proiectului al\u0103turi de antreprenorul C\u0103t\u0103lin Mahu, proprietarul re\u021belei de restaurante La Mama. \u201cPare ceva la mintea coco\u0219ului, dar experien\u021bele din trecut &#8211; de c\u00e2nd am organizat primul Congres dedicat gastronomiei \u0219i vinurilor din Rom\u00e2nia, care a condus la legiferarea unei Zile na\u021bionale de profil &#8211; arat\u0103 c\u0103 exact acesta e genul de \u00eentrebare de la care izvor\u0103sc idei de produse \u0219i servicii foarte concrete, cu plusvaloare economic\u0103 \u0219i social\u0103, unele dintre ele fezabile imediat\u201d, a mai ar\u0103tat Dragomir, care a mai subliniat c\u0103 e nevoie permanent de atragerea unor resurse intelectuale din afara sferei de produc\u021bie alimentar\u0103 \u0219i servicii pentru a dezvolta aceste domenii.<\/p>\n\n\n\n<h2 class=\"wp-block-heading\">La Por\u021bile Orientului, la periferia Occidentului sau\u2026?<\/h2>\n\n\n\n<p>Seria de conferin\u021be debuteaz\u0103 cu definirea cadrului de oportunit\u0103\u021bi care izvor\u0103sc din pozi\u021bionarea geografic\u0103 \u0219i multicultural\u0103 a Rom\u00e2niei: \u201cLa Por\u021bile Orientului, la periferia Occidentului sau\u2026?\u201d. Speakerii invita\u021bi speciali ai edi\u021biei inaugurale din 19 septembrie &#8211; moderat\u0103 de jurnali\u0219tii Cosmin Dragomir \u0219i Cezar Ioan \u0219i de antreprenorul C\u0103t\u0103lin Mahu &#8211; sunt:<\/p>\n\n\n\n<p class=\"has-text-align-center\">Dr. Adriana Sohodoleanu, gastronom, specialist \u00een sociologia practicilor culinare;<br>Dr. Daniela Popescu, Lector universitar al Facult\u0103\u021bii de Istorie, Universitatea din Bucure\u0219ti;<br>Dr. Miruna Vlada, scriitoare \u0219i cercet\u0103toare \u00een studii balcanice<br>Chef Cezar Munteanu, pre\u0219edintele ANBCT<br>Damian Anfile, influencer cultural.<\/p>\n\n\n\n<p>\u201cColec\u021bionarul de sarmale\u201d, \u201cCuratorul de zacusc\u0103\u201d, \u201cZ\u0103muri &#8211; supe, zupe \u0219i n\u0103creli\u201d, \u201cDulce Rom\u00e2nie\u201d sau \u201cCe e nou \u00een noua buc\u0103t\u0103rie rom\u00e2neasc\u0103\u201d sunt doar c\u00e2teva dintre cele mai recente titluri de c\u0103r\u021bi de inspira\u021bie pentru practicienii din HoReCa \u0219i din companii alimentare publicate la editura specializat\u0103 condus\u0103 de Cosmin Dragomir &#8211; GastroArt. La r\u00e2ndul s\u0103u, C\u0103t\u0103lin Mahu, proprietarul restaurantelor La Mama, este autorul unui volum de memorii antreprenoriale apreciat drept \u201ccea mai bun\u0103 carte de business pe care am citit-o \u00een ultimii zece ani\u201d de c\u0103tre directorul editorial al Ziarului financiar \u00een 2019, volum intitulat \u201cPovestea de la col\u021bul mesei\u201d. Cezar Ioan este coautor al mai multor c\u0103r\u021bi despre vinurile \u0219i gastronomia rom\u00e2neasc\u0103 \u0219i autor al volumului \u201cConnaisseur f\u0103r\u0103 ifose\u201d.<\/p>\n\n\n\n<p>Platforma de g\u00e2ndire \u0219i de ac\u021biune pentru promovarea Rom\u00e2niei WeAreRomania \/ YOU ARE WELCOME a fost fondat\u0103 \u00een 2024 printr-un proiect al Asocia\u021biei \u201cCuraj \u00cenainte\u201d cu scopul de a cataliza dezvoltarea imaginii \u0219i ofertei turistice a Rom\u00e2niei pornind de la specificul culinar influen\u021bat istoric de intersec\u021bia a trei mari imperii \u0219i a numeroase grupuri etnice \u0219i culturale.<\/p>\n","protected":false},"excerpt":{"rendered":"<p>O revolu\u021bie \u00een ceea ce prive\u0219te \u201cNoua ospitalitate rom\u00e2neasc\u0103\u201d, un nou mod de g\u00e2ndire &#8211; pentru inovare, identificare de noi produse, servicii \u0219i proiecte pentru turism, industria alimentar\u0103 \u0219i HoReCa din Rom\u00e2nia &#8211; acesta este scopul forumului permanent de dezbateri \u0219i discu\u021bii \u201cGastronomia &#8211; cu bune, cu rele\u201d, lansat pe 19 septembrie 2024 de platforma [&hellip;]<\/p>\n","protected":false},"author":2,"featured_media":1583,"comment_status":"open","ping_status":"open","sticky":false,"template":"","format":"standard","meta":{"footnotes":""},"categories":[1,27],"tags":[],"class_list":["post-1582","post","type-post","status-publish","format-standard","has-post-thumbnail","hentry","category-general","category-stiri"],"yoast_head":"<!-- This site is optimized with the Yoast SEO plugin v23.4 - https:\/\/yoast.com\/wordpress\/plugins\/seo\/ -->\n<title>19 septembrie, prima conferin\u021b\u0103 din seria Gastronomia cu bune, cu rele - Cosmin Dragomir<\/title>\n<meta name=\"robots\" content=\"index, follow, max-snippet:-1, max-image-preview:large, max-video-preview:-1\" \/>\n<link rel=\"canonical\" href=\"https:\/\/cosmindragomir.ro\/ro\/2024\/09\/02\/19-septembrie-prima-conferinta-din-seria-gastronomia-cu-bune-cu-rele\/\" \/>\n<meta property=\"og:locale\" content=\"ro_RO\" \/>\n<meta property=\"og:type\" content=\"article\" \/>\n<meta property=\"og:title\" content=\"19 septembrie, prima conferin\u021b\u0103 din seria Gastronomia cu bune, cu rele - Cosmin Dragomir\" \/>\n<meta property=\"og:description\" content=\"O revolu\u021bie \u00een ceea ce prive\u0219te \u201cNoua ospitalitate rom\u00e2neasc\u0103\u201d, un nou mod de g\u00e2ndire &#8211; pentru inovare, identificare de noi produse, servicii \u0219i proiecte pentru turism, industria alimentar\u0103 \u0219i HoReCa din Rom\u00e2nia &#8211; acesta este scopul forumului permanent de dezbateri \u0219i discu\u021bii \u201cGastronomia &#8211; cu bune, cu rele\u201d, lansat pe 19 septembrie 2024 de platforma [&hellip;]\" \/>\n<meta property=\"og:url\" content=\"https:\/\/cosmindragomir.ro\/ro\/2024\/09\/02\/19-septembrie-prima-conferinta-din-seria-gastronomia-cu-bune-cu-rele\/\" \/>\n<meta property=\"og:site_name\" content=\"Cosmin Dragomir\" \/>\n<meta property=\"article:publisher\" content=\"https:\/\/www.facebook.com\/cosmin.dragomir.12\" \/>\n<meta property=\"article:author\" content=\"https:\/\/www.facebook.com\/cosmin.dragomir.12\" \/>\n<meta property=\"article:published_time\" content=\"2024-09-02T04:15:04+00:00\" \/>\n<meta property=\"article:modified_time\" content=\"2024-09-03T06:21:24+00:00\" \/>\n<meta property=\"og:image\" content=\"https:\/\/cosmindragomir.ro\/wp-content\/uploads\/2024\/09\/40539173-c79e-4791-b85a-75eb337b77ce-jpeg.webp\" \/>\n\t<meta property=\"og:image:width\" content=\"1600\" \/>\n\t<meta property=\"og:image:height\" content=\"840\" \/>\n\t<meta property=\"og:image:type\" content=\"image\/jpeg\" \/>\n<meta name=\"author\" content=\"Cosmin Dragomir\" \/>\n<meta name=\"twitter:card\" content=\"summary_large_image\" \/>\n<meta name=\"twitter:label1\" content=\"Scris de\" \/>\n\t<meta name=\"twitter:data1\" content=\"Cosmin Dragomir\" \/>\n\t<meta name=\"twitter:label2\" content=\"Timp estimat pentru citire\" \/>\n\t<meta name=\"twitter:data2\" content=\"3 minute\" \/>\n<script type=\"application\/ld+json\" class=\"yoast-schema-graph\">{\"@context\":\"https:\/\/schema.org\",\"@graph\":[{\"@type\":\"Article\",\"@id\":\"https:\/\/cosmindragomir.ro\/2024\/09\/02\/19-septembrie-prima-conferinta-din-seria-gastronomia-cu-bune-cu-rele\/#article\",\"isPartOf\":{\"@id\":\"https:\/\/cosmindragomir.ro\/2024\/09\/02\/19-septembrie-prima-conferinta-din-seria-gastronomia-cu-bune-cu-rele\/\"},\"author\":{\"name\":\"Cosmin Dragomir\",\"@id\":\"https:\/\/cosmindragomir.ro\/#\/schema\/person\/fa5dfbff9a3c217f077eaada3362ebe0\"},\"headline\":\"19 septembrie, prima conferin\u021b\u0103 din seria Gastronomia cu bune, cu rele\",\"datePublished\":\"2024-09-02T04:15:04+00:00\",\"dateModified\":\"2024-09-03T06:21:24+00:00\",\"mainEntityOfPage\":{\"@id\":\"https:\/\/cosmindragomir.ro\/2024\/09\/02\/19-septembrie-prima-conferinta-din-seria-gastronomia-cu-bune-cu-rele\/\"},\"wordCount\":698,\"commentCount\":0,\"publisher\":{\"@id\":\"https:\/\/cosmindragomir.ro\/#\/schema\/person\/fa5dfbff9a3c217f077eaada3362ebe0\"},\"image\":{\"@id\":\"https:\/\/cosmindragomir.ro\/2024\/09\/02\/19-septembrie-prima-conferinta-din-seria-gastronomia-cu-bune-cu-rele\/#primaryimage\"},\"thumbnailUrl\":\"https:\/\/cosmindragomir.ro\/wp-content\/uploads\/2024\/09\/40539173-c79e-4791-b85a-75eb337b77ce-jpeg.webp\",\"articleSection\":[\"general\",\"\u0219tiri\"],\"inLanguage\":\"ro-RO\",\"potentialAction\":[{\"@type\":\"CommentAction\",\"name\":\"Comment\",\"target\":[\"https:\/\/cosmindragomir.ro\/2024\/09\/02\/19-septembrie-prima-conferinta-din-seria-gastronomia-cu-bune-cu-rele\/#respond\"]}]},{\"@type\":\"WebPage\",\"@id\":\"https:\/\/cosmindragomir.ro\/2024\/09\/02\/19-septembrie-prima-conferinta-din-seria-gastronomia-cu-bune-cu-rele\/\",\"url\":\"https:\/\/cosmindragomir.ro\/2024\/09\/02\/19-septembrie-prima-conferinta-din-seria-gastronomia-cu-bune-cu-rele\/\",\"name\":\"19 septembrie, prima conferin\u021b\u0103 din seria Gastronomia cu bune, cu rele - Cosmin Dragomir\",\"isPartOf\":{\"@id\":\"https:\/\/cosmindragomir.ro\/#website\"},\"primaryImageOfPage\":{\"@id\":\"https:\/\/cosmindragomir.ro\/2024\/09\/02\/19-septembrie-prima-conferinta-din-seria-gastronomia-cu-bune-cu-rele\/#primaryimage\"},\"image\":{\"@id\":\"https:\/\/cosmindragomir.ro\/2024\/09\/02\/19-septembrie-prima-conferinta-din-seria-gastronomia-cu-bune-cu-rele\/#primaryimage\"},\"thumbnailUrl\":\"https:\/\/cosmindragomir.ro\/wp-content\/uploads\/2024\/09\/40539173-c79e-4791-b85a-75eb337b77ce-jpeg.webp\",\"datePublished\":\"2024-09-02T04:15:04+00:00\",\"dateModified\":\"2024-09-03T06:21:24+00:00\",\"breadcrumb\":{\"@id\":\"https:\/\/cosmindragomir.ro\/2024\/09\/02\/19-septembrie-prima-conferinta-din-seria-gastronomia-cu-bune-cu-rele\/#breadcrumb\"},\"inLanguage\":\"ro-RO\",\"potentialAction\":[{\"@type\":\"ReadAction\",\"target\":[\"https:\/\/cosmindragomir.ro\/2024\/09\/02\/19-septembrie-prima-conferinta-din-seria-gastronomia-cu-bune-cu-rele\/\"]}]},{\"@type\":\"ImageObject\",\"inLanguage\":\"ro-RO\",\"@id\":\"https:\/\/cosmindragomir.ro\/2024\/09\/02\/19-septembrie-prima-conferinta-din-seria-gastronomia-cu-bune-cu-rele\/#primaryimage\",\"url\":\"https:\/\/cosmindragomir.ro\/wp-content\/uploads\/2024\/09\/40539173-c79e-4791-b85a-75eb337b77ce-jpeg.webp\",\"contentUrl\":\"https:\/\/cosmindragomir.ro\/wp-content\/uploads\/2024\/09\/40539173-c79e-4791-b85a-75eb337b77ce-jpeg.webp\",\"width\":1600,\"height\":840},{\"@type\":\"BreadcrumbList\",\"@id\":\"https:\/\/cosmindragomir.ro\/2024\/09\/02\/19-septembrie-prima-conferinta-din-seria-gastronomia-cu-bune-cu-rele\/#breadcrumb\",\"itemListElement\":[{\"@type\":\"ListItem\",\"position\":1,\"name\":\"Home\",\"item\":\"https:\/\/cosmindragomir.ro\/\"},{\"@type\":\"ListItem\",\"position\":2,\"name\":\"19 septembrie, prima conferin\u021b\u0103 din seria Gastronomia cu bune, cu rele\"}]},{\"@type\":\"WebSite\",\"@id\":\"https:\/\/cosmindragomir.ro\/#website\",\"url\":\"https:\/\/cosmindragomir.ro\/\",\"name\":\"Cosmin Dragomir\",\"description\":\"istorie pe p\u00e2ine\",\"publisher\":{\"@id\":\"https:\/\/cosmindragomir.ro\/#\/schema\/person\/fa5dfbff9a3c217f077eaada3362ebe0\"},\"potentialAction\":[{\"@type\":\"SearchAction\",\"target\":{\"@type\":\"EntryPoint\",\"urlTemplate\":\"https:\/\/cosmindragomir.ro\/?s={search_term_string}\"},\"query-input\":{\"@type\":\"PropertyValueSpecification\",\"valueRequired\":true,\"valueName\":\"search_term_string\"}}],\"inLanguage\":\"ro-RO\"},{\"@type\":[\"Person\",\"Organization\"],\"@id\":\"https:\/\/cosmindragomir.ro\/#\/schema\/person\/fa5dfbff9a3c217f077eaada3362ebe0\",\"name\":\"Cosmin Dragomir\",\"image\":{\"@type\":\"ImageObject\",\"inLanguage\":\"ro-RO\",\"@id\":\"https:\/\/cosmindragomir.ro\/#\/schema\/person\/image\/\",\"url\":\"https:\/\/cosmindragomir.ro\/wp-content\/uploads\/2019\/06\/cropped-cropped-14610998_1103641976422462_2912219255401263028_n-1-1.jpg\",\"contentUrl\":\"https:\/\/cosmindragomir.ro\/wp-content\/uploads\/2019\/06\/cropped-cropped-14610998_1103641976422462_2912219255401263028_n-1-1.jpg\",\"width\":200,\"height\":200,\"caption\":\"Cosmin Dragomir\"},\"logo\":{\"@id\":\"https:\/\/cosmindragomir.ro\/#\/schema\/person\/image\/\"},\"sameAs\":[\"https:\/\/cosmindragomir.ro\",\"https:\/\/www.facebook.com\/cosmin.dragomir.12\",\"https:\/\/www.instagram.com\/cosmindragomir_gastroart\/\"],\"url\":\"https:\/\/cosmindragomir.ro\/ro\/author\/cosmind\/\"}]}<\/script>\n<!-- \/ Yoast SEO plugin. -->","yoast_head_json":{"title":"19 septembrie, prima conferin\u021b\u0103 din seria Gastronomia cu bune, cu rele - Cosmin Dragomir","robots":{"index":"index","follow":"follow","max-snippet":"max-snippet:-1","max-image-preview":"max-image-preview:large","max-video-preview":"max-video-preview:-1"},"canonical":"https:\/\/cosmindragomir.ro\/ro\/2024\/09\/02\/19-septembrie-prima-conferinta-din-seria-gastronomia-cu-bune-cu-rele\/","og_locale":"ro_RO","og_type":"article","og_title":"19 septembrie, prima conferin\u021b\u0103 din seria Gastronomia cu bune, cu rele - Cosmin Dragomir","og_description":"O revolu\u021bie \u00een ceea ce prive\u0219te \u201cNoua ospitalitate rom\u00e2neasc\u0103\u201d, un nou mod de g\u00e2ndire &#8211; pentru inovare, identificare de noi produse, servicii \u0219i proiecte pentru turism, industria alimentar\u0103 \u0219i HoReCa din Rom\u00e2nia &#8211; acesta este scopul forumului permanent de dezbateri \u0219i discu\u021bii \u201cGastronomia &#8211; cu bune, cu rele\u201d, lansat pe 19 septembrie 2024 de platforma [&hellip;]","og_url":"https:\/\/cosmindragomir.ro\/ro\/2024\/09\/02\/19-septembrie-prima-conferinta-din-seria-gastronomia-cu-bune-cu-rele\/","og_site_name":"Cosmin Dragomir","article_publisher":"https:\/\/www.facebook.com\/cosmin.dragomir.12","article_author":"https:\/\/www.facebook.com\/cosmin.dragomir.12","article_published_time":"2024-09-02T04:15:04+00:00","article_modified_time":"2024-09-03T06:21:24+00:00","og_image":[{"width":1600,"height":840,"url":"https:\/\/cosmindragomir.ro\/wp-content\/uploads\/2024\/09\/40539173-c79e-4791-b85a-75eb337b77ce-jpeg.webp","type":"image\/jpeg"}],"author":"Cosmin Dragomir","twitter_card":"summary_large_image","twitter_misc":{"Scris de":"Cosmin Dragomir","Timp estimat pentru citire":"3 minute"},"schema":{"@context":"https:\/\/schema.org","@graph":[{"@type":"Article","@id":"https:\/\/cosmindragomir.ro\/2024\/09\/02\/19-septembrie-prima-conferinta-din-seria-gastronomia-cu-bune-cu-rele\/#article","isPartOf":{"@id":"https:\/\/cosmindragomir.ro\/2024\/09\/02\/19-septembrie-prima-conferinta-din-seria-gastronomia-cu-bune-cu-rele\/"},"author":{"name":"Cosmin Dragomir","@id":"https:\/\/cosmindragomir.ro\/#\/schema\/person\/fa5dfbff9a3c217f077eaada3362ebe0"},"headline":"19 septembrie, prima conferin\u021b\u0103 din seria Gastronomia cu bune, cu rele","datePublished":"2024-09-02T04:15:04+00:00","dateModified":"2024-09-03T06:21:24+00:00","mainEntityOfPage":{"@id":"https:\/\/cosmindragomir.ro\/2024\/09\/02\/19-septembrie-prima-conferinta-din-seria-gastronomia-cu-bune-cu-rele\/"},"wordCount":698,"commentCount":0,"publisher":{"@id":"https:\/\/cosmindragomir.ro\/#\/schema\/person\/fa5dfbff9a3c217f077eaada3362ebe0"},"image":{"@id":"https:\/\/cosmindragomir.ro\/2024\/09\/02\/19-septembrie-prima-conferinta-din-seria-gastronomia-cu-bune-cu-rele\/#primaryimage"},"thumbnailUrl":"https:\/\/cosmindragomir.ro\/wp-content\/uploads\/2024\/09\/40539173-c79e-4791-b85a-75eb337b77ce-jpeg.webp","articleSection":["general","\u0219tiri"],"inLanguage":"ro-RO","potentialAction":[{"@type":"CommentAction","name":"Comment","target":["https:\/\/cosmindragomir.ro\/2024\/09\/02\/19-septembrie-prima-conferinta-din-seria-gastronomia-cu-bune-cu-rele\/#respond"]}]},{"@type":"WebPage","@id":"https:\/\/cosmindragomir.ro\/2024\/09\/02\/19-septembrie-prima-conferinta-din-seria-gastronomia-cu-bune-cu-rele\/","url":"https:\/\/cosmindragomir.ro\/2024\/09\/02\/19-septembrie-prima-conferinta-din-seria-gastronomia-cu-bune-cu-rele\/","name":"19 septembrie, prima conferin\u021b\u0103 din seria Gastronomia cu bune, cu rele - Cosmin Dragomir","isPartOf":{"@id":"https:\/\/cosmindragomir.ro\/#website"},"primaryImageOfPage":{"@id":"https:\/\/cosmindragomir.ro\/2024\/09\/02\/19-septembrie-prima-conferinta-din-seria-gastronomia-cu-bune-cu-rele\/#primaryimage"},"image":{"@id":"https:\/\/cosmindragomir.ro\/2024\/09\/02\/19-septembrie-prima-conferinta-din-seria-gastronomia-cu-bune-cu-rele\/#primaryimage"},"thumbnailUrl":"https:\/\/cosmindragomir.ro\/wp-content\/uploads\/2024\/09\/40539173-c79e-4791-b85a-75eb337b77ce-jpeg.webp","datePublished":"2024-09-02T04:15:04+00:00","dateModified":"2024-09-03T06:21:24+00:00","breadcrumb":{"@id":"https:\/\/cosmindragomir.ro\/2024\/09\/02\/19-septembrie-prima-conferinta-din-seria-gastronomia-cu-bune-cu-rele\/#breadcrumb"},"inLanguage":"ro-RO","potentialAction":[{"@type":"ReadAction","target":["https:\/\/cosmindragomir.ro\/2024\/09\/02\/19-septembrie-prima-conferinta-din-seria-gastronomia-cu-bune-cu-rele\/"]}]},{"@type":"ImageObject","inLanguage":"ro-RO","@id":"https:\/\/cosmindragomir.ro\/2024\/09\/02\/19-septembrie-prima-conferinta-din-seria-gastronomia-cu-bune-cu-rele\/#primaryimage","url":"https:\/\/cosmindragomir.ro\/wp-content\/uploads\/2024\/09\/40539173-c79e-4791-b85a-75eb337b77ce-jpeg.webp","contentUrl":"https:\/\/cosmindragomir.ro\/wp-content\/uploads\/2024\/09\/40539173-c79e-4791-b85a-75eb337b77ce-jpeg.webp","width":1600,"height":840},{"@type":"BreadcrumbList","@id":"https:\/\/cosmindragomir.ro\/2024\/09\/02\/19-septembrie-prima-conferinta-din-seria-gastronomia-cu-bune-cu-rele\/#breadcrumb","itemListElement":[{"@type":"ListItem","position":1,"name":"Home","item":"https:\/\/cosmindragomir.ro\/"},{"@type":"ListItem","position":2,"name":"19 septembrie, prima conferin\u021b\u0103 din seria Gastronomia cu bune, cu rele"}]},{"@type":"WebSite","@id":"https:\/\/cosmindragomir.ro\/#website","url":"https:\/\/cosmindragomir.ro\/","name":"Cosmin Dragomir","description":"istorie pe p\u00e2ine","publisher":{"@id":"https:\/\/cosmindragomir.ro\/#\/schema\/person\/fa5dfbff9a3c217f077eaada3362ebe0"},"potentialAction":[{"@type":"SearchAction","target":{"@type":"EntryPoint","urlTemplate":"https:\/\/cosmindragomir.ro\/?s={search_term_string}"},"query-input":{"@type":"PropertyValueSpecification","valueRequired":true,"valueName":"search_term_string"}}],"inLanguage":"ro-RO"},{"@type":["Person","Organization"],"@id":"https:\/\/cosmindragomir.ro\/#\/schema\/person\/fa5dfbff9a3c217f077eaada3362ebe0","name":"Cosmin Dragomir","image":{"@type":"ImageObject","inLanguage":"ro-RO","@id":"https:\/\/cosmindragomir.ro\/#\/schema\/person\/image\/","url":"https:\/\/cosmindragomir.ro\/wp-content\/uploads\/2019\/06\/cropped-cropped-14610998_1103641976422462_2912219255401263028_n-1-1.jpg","contentUrl":"https:\/\/cosmindragomir.ro\/wp-content\/uploads\/2019\/06\/cropped-cropped-14610998_1103641976422462_2912219255401263028_n-1-1.jpg","width":200,"height":200,"caption":"Cosmin Dragomir"},"logo":{"@id":"https:\/\/cosmindragomir.ro\/#\/schema\/person\/image\/"},"sameAs":["https:\/\/cosmindragomir.ro","https:\/\/www.facebook.com\/cosmin.dragomir.12","https:\/\/www.instagram.com\/cosmindragomir_gastroart\/"],"url":"https:\/\/cosmindragomir.ro\/ro\/author\/cosmind\/"}]}},"_links":{"self":[{"href":"https:\/\/cosmindragomir.ro\/ro\/wp-json\/wp\/v2\/posts\/1582","targetHints":{"allow":["GET"]}}],"collection":[{"href":"https:\/\/cosmindragomir.ro\/ro\/wp-json\/wp\/v2\/posts"}],"about":[{"href":"https:\/\/cosmindragomir.ro\/ro\/wp-json\/wp\/v2\/types\/post"}],"author":[{"embeddable":true,"href":"https:\/\/cosmindragomir.ro\/ro\/wp-json\/wp\/v2\/users\/2"}],"replies":[{"embeddable":true,"href":"https:\/\/cosmindragomir.ro\/ro\/wp-json\/wp\/v2\/comments?post=1582"}],"version-history":[{"count":4,"href":"https:\/\/cosmindragomir.ro\/ro\/wp-json\/wp\/v2\/posts\/1582\/revisions"}],"predecessor-version":[{"id":1588,"href":"https:\/\/cosmindragomir.ro\/ro\/wp-json\/wp\/v2\/posts\/1582\/revisions\/1588"}],"wp:featuredmedia":[{"embeddable":true,"href":"https:\/\/cosmindragomir.ro\/ro\/wp-json\/wp\/v2\/media\/1583"}],"wp:attachment":[{"href":"https:\/\/cosmindragomir.ro\/ro\/wp-json\/wp\/v2\/media?parent=1582"}],"wp:term":[{"taxonomy":"category","embeddable":true,"href":"https:\/\/cosmindragomir.ro\/ro\/wp-json\/wp\/v2\/categories?post=1582"},{"taxonomy":"post_tag","embeddable":true,"href":"https:\/\/cosmindragomir.ro\/ro\/wp-json\/wp\/v2\/tags?post=1582"}],"curies":[{"name":"wp","href":"https:\/\/api.w.org\/{rel}","templated":true}]}}