{"id":945,"date":"2023-07-06T07:51:31","date_gmt":"2023-07-06T04:51:31","guid":{"rendered":"https:\/\/cosmindragomir.ro\/?p=945"},"modified":"2023-07-06T07:51:33","modified_gmt":"2023-07-06T04:51:33","slug":"companiile-isi-pot-personaliza-coperta-viitoarei-carti-semnate-de-scriitorul-culinar-cosmin-dragomir","status":"publish","type":"post","link":"https:\/\/cosmindragomir.ro\/ro\/2023\/07\/06\/companiile-isi-pot-personaliza-coperta-viitoarei-carti-semnate-de-scriitorul-culinar-cosmin-dragomir\/","title":{"rendered":"Companiile \u00ee\u0219i pot personaliza coperta viitoarei c\u0103r\u021bi semnate de scriitorul culinar Cosmin Dragomir \u00a0"},"content":{"rendered":"\n<p><\/p>\n\n\n\n<p>Jurnalistul \u0219i scriitorul de gastronomie Cosmin Dragomir anun\u021b\u0103 c\u0103 urm\u0103torul s\u0103u volum: <strong>Colec\u021bionarul de sarmale,<\/strong> care va ap\u0103rea \u00een toamna acestui an, poate avea copert\u0103 personalizat\u0103 pentru companiile care doresc s\u0103 cumpere cartea pentru a o oferi cadou angaja\u021bilor, clien\u021bilor sau partenerilor. Banii ob\u021binu\u021bi vor fi cheltui\u021bi pentru finan\u021barea par\u021bial\u0103 a proiectelor de cercetare culinar\u0103 derulate \u00een prezent.<\/p>\n\n\n\n<p>Colec\u021bionarul de sarmale este o culegere de texte gastronomice (parte inedite, parte publicate pe diferite canale media \u00een perioada 2017- 2023). Volumul va fi publicat \u00een toamna acestui, \u00eentr-un format cu copert\u0103 bro\u0219at\u0103 din carton gros, pretabil\u0103 pentru cadouri de firm\u0103 \u0219i nu numai.<\/p>\n\n\n\n<p>\u201cCred c\u0103 este o at\u00e2t o oportunitate pentru companii de sprijini cercetarea gastronomic\u0103 c\u00e2t \u0219i un parteneriat win-win. Nu cer bani ci v\u00e2nd un produs care aduce plus valoare unui brand \u0219i care poate fi privit ca o investi\u021bie de marketing\/promovare dar \u0219i CSR. Este o carte \u00een care se vorbe\u0219te mult despre identitatea gastronomic\u0103 rom\u00e2neasc\u0103, despre industria de profil, despre istoria noastr\u0103 culinar\u0103, scris\u0103 \u00eenc\u00e2t s\u0103 fie accesibil\u0103 oricui.<\/p>\n\n\n\n<p>Este \u0219i un exerci\u021biu prin care companiile pot ar\u0103ta c\u0103 le pas\u0103 de cercetarea culinar\u0103 \u0219i de identitatea gastronomic\u0103. Dac\u0103 investeam banii da\u021bi pe c\u0103r\u021bi \u00een ultimii ani \u00een reclam\u0103 pe social media acum eram \u0219i eu influencer cu zeci de mii de followers, dar prefer s\u0103 r\u0103m\u00e2n \u0219oarece de bibliotec\u0103 \u0219i s\u0103 cred c\u0103 scrisul \u0219i c\u0103r\u021bile nu au murit sau nu au doar valoare muzeal\u0103. Poate c\u0103 o carte precum aceasta poate \u00eenlocui cozonacul \u0219i ciocolata clasice din co\u0219urile de cadouri devenind o altfel de carte de vizit\u0103 pentru companii. Cred c\u0103 orice categorie de cititor are de aflat informa\u021bii inedite din acest volum\u201d, declar\u0103 Cosmin Dragomir.<\/p>\n\n\n\n<figure class=\"wp-block-image size-large\"><img loading=\"lazy\" decoding=\"async\" width=\"768\" height=\"1024\" src=\"https:\/\/cosmindragomir.ro\/wp-content\/uploads\/2023\/07\/cartile-mele-1-768x1024.jpg\" alt=\"\" class=\"wp-image-950\" srcset=\"https:\/\/cosmindragomir.ro\/wp-content\/uploads\/2023\/07\/cartile-mele-1-768x1024.jpg 768w, https:\/\/cosmindragomir.ro\/wp-content\/uploads\/2023\/07\/cartile-mele-1-225x300.jpg 225w, https:\/\/cosmindragomir.ro\/wp-content\/uploads\/2023\/07\/cartile-mele-1-1152x1536.jpg 1152w, https:\/\/cosmindragomir.ro\/wp-content\/uploads\/2023\/07\/cartile-mele-1-9x12.jpg 9w, https:\/\/cosmindragomir.ro\/wp-content\/uploads\/2023\/07\/cartile-mele-1-600x800.jpg 600w, https:\/\/cosmindragomir.ro\/wp-content\/uploads\/2023\/07\/cartile-mele-1.jpg 1500w\" sizes=\"auto, (max-width: 768px) 100vw, 768px\" \/><\/figure>\n\n\n\n<p>Cosmin Dragomir este unul dintre cei mai cunoscu\u021bi jurnali\u0219ti culinari din Rom\u00e2nia, autorul volumului \u201c<strong>Curatorul de zacusc\u0103 \u0219i alte povestiri gastronomice rom\u00e2ne\u0219ti<\/strong>\u201d (tiraj epuizat), coautor al volumului \u201c<strong>Dulce Rom\u00e2nie, o istorie a deserturilor de la noi<\/strong>\u201d \u0219i autor a sute de articole de profil publicate pe diferite canale media.<\/p>\n\n\n\n<p>A \u00eenfii\u021bat <strong>gastroart.ro<\/strong> &#8211; prima revist\u0103 dedicat\u0103 cercet\u0103rii istoriei gastronomiei \u0219i ospitalit\u0103\u021bii rom\u00e2ne\u0219ti \u0219i editura GastroArt specializat\u0103 \u00een valorificarea patrimoniului culinar autohton. Cea mai recent\u0103 apari\u021bie editorial\u0103 este volumul: Z\u0103muri \u2013 supe, zupe \u0219i n\u0103creli, re\u021bete ardelene\u0219ti din b\u0103tr\u00e2ni de Mircea Groza disponibil\u0103 \u00een libr\u0103riile C\u0103rture\u0219ti.<\/p>\n\n\n\n<p>Este co-ini\u021biator al legii <strong>Ziua Na\u021bional\u0103 a Gastronomiei \u0219i Vinurilor din Rom\u00e2nia<\/strong> \u0219i al Congresului Na\u021bional de Gastronomie \u0219i Vin<\/p>\n\n\n\n<p>A organizat zeci de dezbateri, worskshopuri, comunic\u0103ri pluridisciplinare \u0219i evenimente cu tematic\u0103 gastronomic\u0103 inclusiv <strong>Gala Gastronomiei \u0219i Vinurilor din Rom\u00e2nia<\/strong> cu prezen\u021ba a peste 60 de invita\u021bi din corpul diplomatic.<\/p>\n\n\n\n<p>Gazda podcastului <strong>Amintiri Gustoase by Cronicari Digitali<\/strong> (webstock 2022 \u2013 locul II Best Branded Podcasts for\u00a0<a href=\"https:\/\/www.facebook.com\/Electroluxromania\/?__cft__%5b0%5d=AZXhRkoGE6L8f_juKPo7XfZ29cwRju9T_rBL9MFTUKM2xCrI-SvmDwMihf0g2OQoSAtrhxng8agzgf4AjxSdrWF07e96bD5lgyRoi0T52tKkdtmgp4TIQDV4sH0Xq26fEj3pQGV0UIL9XSnvcU1qp9SHjRUWUTGcdUoEBr9CAfSQhxPmYCe6K8Ys-eBHUhUjRKQ&amp;__tn__=kK-R\">Electrolux<\/a>, iunie 2023 &#8211; cel mai ascultat podcast gastronomic din Rom\u00e2nia \u0219i Republica Moldova)<\/p>\n\n\n\n<p><\/p>\n\n\n\n<p><strong>Premii:<\/strong> Gault &amp; Millau, Asocia\u021bia Na\u021bional\u0103 a Buc\u0103tarilor \u0219i Cofetarilor din Turism, Asocia\u021bia Na\u021bional\u0103 a Jurnali\u0219tilor de Turism,\u00a0HoReCa School<\/p>\n\n\n\n<p><\/p>\n\n\n\n<p>Fondurile str\u00e2nse din aceast\u0103 carte vor asigura parte din necesarul pentru continuarea proiectelor de cercetare derulate \u00een prezent:<\/p>\n\n\n\n<p>Cel mai <strong>amplu studiu de gastronomie comparativ\u0103 regional\u0103 din Balcani<\/strong> (care presupune petrecerea a min. 10-20 de zile \u00een fiecare \u021bar\u0103 din Balcani) \u00eempreun\u0103 cu Cristian Iohan \u0218tef\u0103nescu<\/p>\n\n\n\n<p>Volumul: <strong>Pe culmile mahmurelii \u2013 o istorie a ciorbei de burt\u0103 \u0219i numai<\/strong><\/p>\n\n\n\n<p>Volumul: <strong>Enciclopedia Universal\u0103 a Sarmalelor<\/strong><\/p>\n\n\n\n<p>Cercetarea: <strong>Indexul poten\u021bialelor branduri gastronomice locale \u0219i regionale<\/strong><\/p>\n\n\n\n<p>Companiile interesate de ofert\u0103 \u00eei pot scrie pe adresa: <a href=\"mailto:cosmin.dragomir@gastroart.ro\">cosmin.dragomir@gastroart.ro<\/a> \u00a0<\/p>\n\n\n\n<p><\/p>\n\n\n","protected":false},"excerpt":{"rendered":"<p>Jurnalistul \u0219i scriitorul de gastronomie Cosmin Dragomir anun\u021b\u0103 c\u0103 urm\u0103torul s\u0103u volum: Colec\u021bionarul de sarmale, care va ap\u0103rea \u00een toamna acestui an, poate avea copert\u0103 personalizat\u0103 pentru companiile care doresc s\u0103 cumpere cartea pentru a o oferi cadou angaja\u021bilor, clien\u021bilor sau partenerilor. Banii ob\u021binu\u021bi vor fi cheltui\u021bi pentru finan\u021barea par\u021bial\u0103 a proiectelor de cercetare culinar\u0103 [&hellip;]<\/p>\n","protected":false},"author":2,"featured_media":946,"comment_status":"open","ping_status":"open","sticky":true,"template":"","format":"standard","meta":{"footnotes":""},"categories":[39,1,27],"tags":[],"class_list":["post-945","post","type-post","status-publish","format-standard","has-post-thumbnail","hentry","category-balkanic-tastes","category-general","category-stiri"],"yoast_head":"<!-- This site is optimized with the Yoast SEO plugin v23.4 - https:\/\/yoast.com\/wordpress\/plugins\/seo\/ -->\n<title>Companiile \u00ee\u0219i pot personaliza coperta viitoarei c\u0103r\u021bi semnate de scriitorul culinar Cosmin Dragomir \u00a0 - Cosmin Dragomir<\/title>\n<meta name=\"robots\" content=\"index, follow, max-snippet:-1, max-image-preview:large, max-video-preview:-1\" \/>\n<link rel=\"canonical\" href=\"https:\/\/cosmindragomir.ro\/ro\/2023\/07\/06\/companiile-isi-pot-personaliza-coperta-viitoarei-carti-semnate-de-scriitorul-culinar-cosmin-dragomir\/\" \/>\n<meta property=\"og:locale\" content=\"ro_RO\" \/>\n<meta property=\"og:type\" content=\"article\" \/>\n<meta property=\"og:title\" content=\"Companiile \u00ee\u0219i pot personaliza coperta viitoarei c\u0103r\u021bi semnate de scriitorul culinar Cosmin Dragomir \u00a0 - Cosmin Dragomir\" \/>\n<meta property=\"og:description\" content=\"Jurnalistul \u0219i scriitorul de gastronomie Cosmin Dragomir anun\u021b\u0103 c\u0103 urm\u0103torul s\u0103u volum: Colec\u021bionarul de sarmale, care va ap\u0103rea \u00een toamna acestui an, poate avea copert\u0103 personalizat\u0103 pentru companiile care doresc s\u0103 cumpere cartea pentru a o oferi cadou angaja\u021bilor, clien\u021bilor sau partenerilor. Banii ob\u021binu\u021bi vor fi cheltui\u021bi pentru finan\u021barea par\u021bial\u0103 a proiectelor de cercetare culinar\u0103 [&hellip;]\" \/>\n<meta property=\"og:url\" content=\"https:\/\/cosmindragomir.ro\/ro\/2023\/07\/06\/companiile-isi-pot-personaliza-coperta-viitoarei-carti-semnate-de-scriitorul-culinar-cosmin-dragomir\/\" \/>\n<meta property=\"og:site_name\" content=\"Cosmin Dragomir\" \/>\n<meta property=\"article:publisher\" content=\"https:\/\/www.facebook.com\/cosmin.dragomir.12\" \/>\n<meta property=\"article:author\" content=\"https:\/\/www.facebook.com\/cosmin.dragomir.12\" \/>\n<meta property=\"article:published_time\" content=\"2023-07-06T04:51:31+00:00\" \/>\n<meta property=\"article:modified_time\" content=\"2023-07-06T04:51:33+00:00\" \/>\n<meta property=\"og:image\" content=\"https:\/\/cosmindragomir.ro\/wp-content\/uploads\/2023\/07\/1063832-RW2_DxO_DeepPRIME-scaled.jpg\" \/>\n\t<meta property=\"og:image:width\" content=\"2560\" \/>\n\t<meta property=\"og:image:height\" content=\"1707\" \/>\n\t<meta property=\"og:image:type\" content=\"image\/jpeg\" \/>\n<meta name=\"author\" content=\"Cosmin Dragomir\" \/>\n<meta name=\"twitter:card\" content=\"summary_large_image\" \/>\n<meta name=\"twitter:label1\" content=\"Scris de\" \/>\n\t<meta name=\"twitter:data1\" content=\"Cosmin Dragomir\" \/>\n\t<meta name=\"twitter:label2\" content=\"Timp estimat pentru citire\" \/>\n\t<meta name=\"twitter:data2\" content=\"3 minute\" \/>\n<script type=\"application\/ld+json\" class=\"yoast-schema-graph\">{\"@context\":\"https:\/\/schema.org\",\"@graph\":[{\"@type\":\"Article\",\"@id\":\"https:\/\/cosmindragomir.ro\/2023\/07\/06\/companiile-isi-pot-personaliza-coperta-viitoarei-carti-semnate-de-scriitorul-culinar-cosmin-dragomir\/#article\",\"isPartOf\":{\"@id\":\"https:\/\/cosmindragomir.ro\/2023\/07\/06\/companiile-isi-pot-personaliza-coperta-viitoarei-carti-semnate-de-scriitorul-culinar-cosmin-dragomir\/\"},\"author\":{\"name\":\"Cosmin Dragomir\",\"@id\":\"https:\/\/cosmindragomir.ro\/#\/schema\/person\/fa5dfbff9a3c217f077eaada3362ebe0\"},\"headline\":\"Companiile \u00ee\u0219i pot personaliza coperta viitoarei c\u0103r\u021bi semnate de scriitorul culinar Cosmin Dragomir \u00a0\",\"datePublished\":\"2023-07-06T04:51:31+00:00\",\"dateModified\":\"2023-07-06T04:51:33+00:00\",\"mainEntityOfPage\":{\"@id\":\"https:\/\/cosmindragomir.ro\/2023\/07\/06\/companiile-isi-pot-personaliza-coperta-viitoarei-carti-semnate-de-scriitorul-culinar-cosmin-dragomir\/\"},\"wordCount\":641,\"commentCount\":0,\"publisher\":{\"@id\":\"https:\/\/cosmindragomir.ro\/#\/schema\/person\/fa5dfbff9a3c217f077eaada3362ebe0\"},\"image\":{\"@id\":\"https:\/\/cosmindragomir.ro\/2023\/07\/06\/companiile-isi-pot-personaliza-coperta-viitoarei-carti-semnate-de-scriitorul-culinar-cosmin-dragomir\/#primaryimage\"},\"thumbnailUrl\":\"https:\/\/cosmindragomir.ro\/wp-content\/uploads\/2023\/07\/1063832-RW2_DxO_DeepPRIME-scaled.jpg\",\"articleSection\":[\"Balkanic Tastes\",\"general\",\"\u0219tiri\"],\"inLanguage\":\"ro-RO\",\"potentialAction\":[{\"@type\":\"CommentAction\",\"name\":\"Comment\",\"target\":[\"https:\/\/cosmindragomir.ro\/2023\/07\/06\/companiile-isi-pot-personaliza-coperta-viitoarei-carti-semnate-de-scriitorul-culinar-cosmin-dragomir\/#respond\"]}]},{\"@type\":\"WebPage\",\"@id\":\"https:\/\/cosmindragomir.ro\/2023\/07\/06\/companiile-isi-pot-personaliza-coperta-viitoarei-carti-semnate-de-scriitorul-culinar-cosmin-dragomir\/\",\"url\":\"https:\/\/cosmindragomir.ro\/2023\/07\/06\/companiile-isi-pot-personaliza-coperta-viitoarei-carti-semnate-de-scriitorul-culinar-cosmin-dragomir\/\",\"name\":\"Companiile \u00ee\u0219i pot personaliza coperta viitoarei c\u0103r\u021bi semnate de scriitorul culinar Cosmin Dragomir \u00a0 - Cosmin Dragomir\",\"isPartOf\":{\"@id\":\"https:\/\/cosmindragomir.ro\/#website\"},\"primaryImageOfPage\":{\"@id\":\"https:\/\/cosmindragomir.ro\/2023\/07\/06\/companiile-isi-pot-personaliza-coperta-viitoarei-carti-semnate-de-scriitorul-culinar-cosmin-dragomir\/#primaryimage\"},\"image\":{\"@id\":\"https:\/\/cosmindragomir.ro\/2023\/07\/06\/companiile-isi-pot-personaliza-coperta-viitoarei-carti-semnate-de-scriitorul-culinar-cosmin-dragomir\/#primaryimage\"},\"thumbnailUrl\":\"https:\/\/cosmindragomir.ro\/wp-content\/uploads\/2023\/07\/1063832-RW2_DxO_DeepPRIME-scaled.jpg\",\"datePublished\":\"2023-07-06T04:51:31+00:00\",\"dateModified\":\"2023-07-06T04:51:33+00:00\",\"breadcrumb\":{\"@id\":\"https:\/\/cosmindragomir.ro\/2023\/07\/06\/companiile-isi-pot-personaliza-coperta-viitoarei-carti-semnate-de-scriitorul-culinar-cosmin-dragomir\/#breadcrumb\"},\"inLanguage\":\"ro-RO\",\"potentialAction\":[{\"@type\":\"ReadAction\",\"target\":[\"https:\/\/cosmindragomir.ro\/2023\/07\/06\/companiile-isi-pot-personaliza-coperta-viitoarei-carti-semnate-de-scriitorul-culinar-cosmin-dragomir\/\"]}]},{\"@type\":\"ImageObject\",\"inLanguage\":\"ro-RO\",\"@id\":\"https:\/\/cosmindragomir.ro\/2023\/07\/06\/companiile-isi-pot-personaliza-coperta-viitoarei-carti-semnate-de-scriitorul-culinar-cosmin-dragomir\/#primaryimage\",\"url\":\"https:\/\/cosmindragomir.ro\/wp-content\/uploads\/2023\/07\/1063832-RW2_DxO_DeepPRIME-scaled.jpg\",\"contentUrl\":\"https:\/\/cosmindragomir.ro\/wp-content\/uploads\/2023\/07\/1063832-RW2_DxO_DeepPRIME-scaled.jpg\",\"width\":2560,\"height\":1707},{\"@type\":\"BreadcrumbList\",\"@id\":\"https:\/\/cosmindragomir.ro\/2023\/07\/06\/companiile-isi-pot-personaliza-coperta-viitoarei-carti-semnate-de-scriitorul-culinar-cosmin-dragomir\/#breadcrumb\",\"itemListElement\":[{\"@type\":\"ListItem\",\"position\":1,\"name\":\"Home\",\"item\":\"https:\/\/cosmindragomir.ro\/\"},{\"@type\":\"ListItem\",\"position\":2,\"name\":\"Companiile \u00ee\u0219i pot personaliza coperta viitoarei c\u0103r\u021bi semnate de scriitorul culinar Cosmin Dragomir \u00a0\"}]},{\"@type\":\"WebSite\",\"@id\":\"https:\/\/cosmindragomir.ro\/#website\",\"url\":\"https:\/\/cosmindragomir.ro\/\",\"name\":\"Cosmin Dragomir\",\"description\":\"istorie pe p\u00e2ine\",\"publisher\":{\"@id\":\"https:\/\/cosmindragomir.ro\/#\/schema\/person\/fa5dfbff9a3c217f077eaada3362ebe0\"},\"potentialAction\":[{\"@type\":\"SearchAction\",\"target\":{\"@type\":\"EntryPoint\",\"urlTemplate\":\"https:\/\/cosmindragomir.ro\/?s={search_term_string}\"},\"query-input\":{\"@type\":\"PropertyValueSpecification\",\"valueRequired\":true,\"valueName\":\"search_term_string\"}}],\"inLanguage\":\"ro-RO\"},{\"@type\":[\"Person\",\"Organization\"],\"@id\":\"https:\/\/cosmindragomir.ro\/#\/schema\/person\/fa5dfbff9a3c217f077eaada3362ebe0\",\"name\":\"Cosmin Dragomir\",\"image\":{\"@type\":\"ImageObject\",\"inLanguage\":\"ro-RO\",\"@id\":\"https:\/\/cosmindragomir.ro\/#\/schema\/person\/image\/\",\"url\":\"https:\/\/cosmindragomir.ro\/wp-content\/uploads\/2019\/06\/cropped-cropped-14610998_1103641976422462_2912219255401263028_n-1-1.jpg\",\"contentUrl\":\"https:\/\/cosmindragomir.ro\/wp-content\/uploads\/2019\/06\/cropped-cropped-14610998_1103641976422462_2912219255401263028_n-1-1.jpg\",\"width\":200,\"height\":200,\"caption\":\"Cosmin Dragomir\"},\"logo\":{\"@id\":\"https:\/\/cosmindragomir.ro\/#\/schema\/person\/image\/\"},\"sameAs\":[\"https:\/\/cosmindragomir.ro\",\"https:\/\/www.facebook.com\/cosmin.dragomir.12\",\"https:\/\/www.instagram.com\/cosmindragomir_gastroart\/\"],\"url\":\"https:\/\/cosmindragomir.ro\/ro\/author\/cosmind\/\"}]}<\/script>\n<!-- \/ Yoast SEO plugin. -->","yoast_head_json":{"title":"Companiile \u00ee\u0219i pot personaliza coperta viitoarei c\u0103r\u021bi semnate de scriitorul culinar Cosmin Dragomir \u00a0 - Cosmin Dragomir","robots":{"index":"index","follow":"follow","max-snippet":"max-snippet:-1","max-image-preview":"max-image-preview:large","max-video-preview":"max-video-preview:-1"},"canonical":"https:\/\/cosmindragomir.ro\/ro\/2023\/07\/06\/companiile-isi-pot-personaliza-coperta-viitoarei-carti-semnate-de-scriitorul-culinar-cosmin-dragomir\/","og_locale":"ro_RO","og_type":"article","og_title":"Companiile \u00ee\u0219i pot personaliza coperta viitoarei c\u0103r\u021bi semnate de scriitorul culinar Cosmin Dragomir \u00a0 - Cosmin Dragomir","og_description":"Jurnalistul \u0219i scriitorul de gastronomie Cosmin Dragomir anun\u021b\u0103 c\u0103 urm\u0103torul s\u0103u volum: Colec\u021bionarul de sarmale, care va ap\u0103rea \u00een toamna acestui an, poate avea copert\u0103 personalizat\u0103 pentru companiile care doresc s\u0103 cumpere cartea pentru a o oferi cadou angaja\u021bilor, clien\u021bilor sau partenerilor. Banii ob\u021binu\u021bi vor fi cheltui\u021bi pentru finan\u021barea par\u021bial\u0103 a proiectelor de cercetare culinar\u0103 [&hellip;]","og_url":"https:\/\/cosmindragomir.ro\/ro\/2023\/07\/06\/companiile-isi-pot-personaliza-coperta-viitoarei-carti-semnate-de-scriitorul-culinar-cosmin-dragomir\/","og_site_name":"Cosmin Dragomir","article_publisher":"https:\/\/www.facebook.com\/cosmin.dragomir.12","article_author":"https:\/\/www.facebook.com\/cosmin.dragomir.12","article_published_time":"2023-07-06T04:51:31+00:00","article_modified_time":"2023-07-06T04:51:33+00:00","og_image":[{"width":2560,"height":1707,"url":"https:\/\/cosmindragomir.ro\/wp-content\/uploads\/2023\/07\/1063832-RW2_DxO_DeepPRIME-scaled.jpg","type":"image\/jpeg"}],"author":"Cosmin Dragomir","twitter_card":"summary_large_image","twitter_misc":{"Scris de":"Cosmin Dragomir","Timp estimat pentru citire":"3 minute"},"schema":{"@context":"https:\/\/schema.org","@graph":[{"@type":"Article","@id":"https:\/\/cosmindragomir.ro\/2023\/07\/06\/companiile-isi-pot-personaliza-coperta-viitoarei-carti-semnate-de-scriitorul-culinar-cosmin-dragomir\/#article","isPartOf":{"@id":"https:\/\/cosmindragomir.ro\/2023\/07\/06\/companiile-isi-pot-personaliza-coperta-viitoarei-carti-semnate-de-scriitorul-culinar-cosmin-dragomir\/"},"author":{"name":"Cosmin Dragomir","@id":"https:\/\/cosmindragomir.ro\/#\/schema\/person\/fa5dfbff9a3c217f077eaada3362ebe0"},"headline":"Companiile \u00ee\u0219i pot personaliza coperta viitoarei c\u0103r\u021bi semnate de scriitorul culinar Cosmin Dragomir \u00a0","datePublished":"2023-07-06T04:51:31+00:00","dateModified":"2023-07-06T04:51:33+00:00","mainEntityOfPage":{"@id":"https:\/\/cosmindragomir.ro\/2023\/07\/06\/companiile-isi-pot-personaliza-coperta-viitoarei-carti-semnate-de-scriitorul-culinar-cosmin-dragomir\/"},"wordCount":641,"commentCount":0,"publisher":{"@id":"https:\/\/cosmindragomir.ro\/#\/schema\/person\/fa5dfbff9a3c217f077eaada3362ebe0"},"image":{"@id":"https:\/\/cosmindragomir.ro\/2023\/07\/06\/companiile-isi-pot-personaliza-coperta-viitoarei-carti-semnate-de-scriitorul-culinar-cosmin-dragomir\/#primaryimage"},"thumbnailUrl":"https:\/\/cosmindragomir.ro\/wp-content\/uploads\/2023\/07\/1063832-RW2_DxO_DeepPRIME-scaled.jpg","articleSection":["Balkanic Tastes","general","\u0219tiri"],"inLanguage":"ro-RO","potentialAction":[{"@type":"CommentAction","name":"Comment","target":["https:\/\/cosmindragomir.ro\/2023\/07\/06\/companiile-isi-pot-personaliza-coperta-viitoarei-carti-semnate-de-scriitorul-culinar-cosmin-dragomir\/#respond"]}]},{"@type":"WebPage","@id":"https:\/\/cosmindragomir.ro\/2023\/07\/06\/companiile-isi-pot-personaliza-coperta-viitoarei-carti-semnate-de-scriitorul-culinar-cosmin-dragomir\/","url":"https:\/\/cosmindragomir.ro\/2023\/07\/06\/companiile-isi-pot-personaliza-coperta-viitoarei-carti-semnate-de-scriitorul-culinar-cosmin-dragomir\/","name":"Companiile \u00ee\u0219i pot personaliza coperta viitoarei c\u0103r\u021bi semnate de scriitorul culinar Cosmin Dragomir \u00a0 - Cosmin Dragomir","isPartOf":{"@id":"https:\/\/cosmindragomir.ro\/#website"},"primaryImageOfPage":{"@id":"https:\/\/cosmindragomir.ro\/2023\/07\/06\/companiile-isi-pot-personaliza-coperta-viitoarei-carti-semnate-de-scriitorul-culinar-cosmin-dragomir\/#primaryimage"},"image":{"@id":"https:\/\/cosmindragomir.ro\/2023\/07\/06\/companiile-isi-pot-personaliza-coperta-viitoarei-carti-semnate-de-scriitorul-culinar-cosmin-dragomir\/#primaryimage"},"thumbnailUrl":"https:\/\/cosmindragomir.ro\/wp-content\/uploads\/2023\/07\/1063832-RW2_DxO_DeepPRIME-scaled.jpg","datePublished":"2023-07-06T04:51:31+00:00","dateModified":"2023-07-06T04:51:33+00:00","breadcrumb":{"@id":"https:\/\/cosmindragomir.ro\/2023\/07\/06\/companiile-isi-pot-personaliza-coperta-viitoarei-carti-semnate-de-scriitorul-culinar-cosmin-dragomir\/#breadcrumb"},"inLanguage":"ro-RO","potentialAction":[{"@type":"ReadAction","target":["https:\/\/cosmindragomir.ro\/2023\/07\/06\/companiile-isi-pot-personaliza-coperta-viitoarei-carti-semnate-de-scriitorul-culinar-cosmin-dragomir\/"]}]},{"@type":"ImageObject","inLanguage":"ro-RO","@id":"https:\/\/cosmindragomir.ro\/2023\/07\/06\/companiile-isi-pot-personaliza-coperta-viitoarei-carti-semnate-de-scriitorul-culinar-cosmin-dragomir\/#primaryimage","url":"https:\/\/cosmindragomir.ro\/wp-content\/uploads\/2023\/07\/1063832-RW2_DxO_DeepPRIME-scaled.jpg","contentUrl":"https:\/\/cosmindragomir.ro\/wp-content\/uploads\/2023\/07\/1063832-RW2_DxO_DeepPRIME-scaled.jpg","width":2560,"height":1707},{"@type":"BreadcrumbList","@id":"https:\/\/cosmindragomir.ro\/2023\/07\/06\/companiile-isi-pot-personaliza-coperta-viitoarei-carti-semnate-de-scriitorul-culinar-cosmin-dragomir\/#breadcrumb","itemListElement":[{"@type":"ListItem","position":1,"name":"Home","item":"https:\/\/cosmindragomir.ro\/"},{"@type":"ListItem","position":2,"name":"Companiile \u00ee\u0219i pot personaliza coperta viitoarei c\u0103r\u021bi semnate de scriitorul culinar Cosmin Dragomir \u00a0"}]},{"@type":"WebSite","@id":"https:\/\/cosmindragomir.ro\/#website","url":"https:\/\/cosmindragomir.ro\/","name":"Cosmin Dragomir","description":"istorie pe p\u00e2ine","publisher":{"@id":"https:\/\/cosmindragomir.ro\/#\/schema\/person\/fa5dfbff9a3c217f077eaada3362ebe0"},"potentialAction":[{"@type":"SearchAction","target":{"@type":"EntryPoint","urlTemplate":"https:\/\/cosmindragomir.ro\/?s={search_term_string}"},"query-input":{"@type":"PropertyValueSpecification","valueRequired":true,"valueName":"search_term_string"}}],"inLanguage":"ro-RO"},{"@type":["Person","Organization"],"@id":"https:\/\/cosmindragomir.ro\/#\/schema\/person\/fa5dfbff9a3c217f077eaada3362ebe0","name":"Cosmin Dragomir","image":{"@type":"ImageObject","inLanguage":"ro-RO","@id":"https:\/\/cosmindragomir.ro\/#\/schema\/person\/image\/","url":"https:\/\/cosmindragomir.ro\/wp-content\/uploads\/2019\/06\/cropped-cropped-14610998_1103641976422462_2912219255401263028_n-1-1.jpg","contentUrl":"https:\/\/cosmindragomir.ro\/wp-content\/uploads\/2019\/06\/cropped-cropped-14610998_1103641976422462_2912219255401263028_n-1-1.jpg","width":200,"height":200,"caption":"Cosmin Dragomir"},"logo":{"@id":"https:\/\/cosmindragomir.ro\/#\/schema\/person\/image\/"},"sameAs":["https:\/\/cosmindragomir.ro","https:\/\/www.facebook.com\/cosmin.dragomir.12","https:\/\/www.instagram.com\/cosmindragomir_gastroart\/"],"url":"https:\/\/cosmindragomir.ro\/ro\/author\/cosmind\/"}]}},"_links":{"self":[{"href":"https:\/\/cosmindragomir.ro\/ro\/wp-json\/wp\/v2\/posts\/945","targetHints":{"allow":["GET"]}}],"collection":[{"href":"https:\/\/cosmindragomir.ro\/ro\/wp-json\/wp\/v2\/posts"}],"about":[{"href":"https:\/\/cosmindragomir.ro\/ro\/wp-json\/wp\/v2\/types\/post"}],"author":[{"embeddable":true,"href":"https:\/\/cosmindragomir.ro\/ro\/wp-json\/wp\/v2\/users\/2"}],"replies":[{"embeddable":true,"href":"https:\/\/cosmindragomir.ro\/ro\/wp-json\/wp\/v2\/comments?post=945"}],"version-history":[{"count":2,"href":"https:\/\/cosmindragomir.ro\/ro\/wp-json\/wp\/v2\/posts\/945\/revisions"}],"predecessor-version":[{"id":953,"href":"https:\/\/cosmindragomir.ro\/ro\/wp-json\/wp\/v2\/posts\/945\/revisions\/953"}],"wp:featuredmedia":[{"embeddable":true,"href":"https:\/\/cosmindragomir.ro\/ro\/wp-json\/wp\/v2\/media\/946"}],"wp:attachment":[{"href":"https:\/\/cosmindragomir.ro\/ro\/wp-json\/wp\/v2\/media?parent=945"}],"wp:term":[{"taxonomy":"category","embeddable":true,"href":"https:\/\/cosmindragomir.ro\/ro\/wp-json\/wp\/v2\/categories?post=945"},{"taxonomy":"post_tag","embeddable":true,"href":"https:\/\/cosmindragomir.ro\/ro\/wp-json\/wp\/v2\/tags?post=945"}],"curies":[{"name":"wp","href":"https:\/\/api.w.org\/{rel}","templated":true}]}}